{"id":2747,"date":"2019-11-26T19:37:36","date_gmt":"2019-11-26T19:37:36","guid":{"rendered":"https:\/\/www.pedroandretta.info\/index\/?p=2747"},"modified":"2019-11-26T19:37:36","modified_gmt":"2019-11-26T19:37:36","slug":"acho-que-tem-coisa-nova-na-transinformacao-gostei-do-texto-caminhos-legais-e","status":"publish","type":"post","link":"https:\/\/www.pedroandretta.info\/index\/2019\/11\/acho-que-tem-coisa-nova-na-transinformacao-gostei-do-texto-caminhos-legais-e\/","title":{"rendered":"Acho que tem coisa nova na Transinforma\u00e7\u00e3o ! Gostei do texto \u201cCaminhos legais e &#8230;"},"content":{"rendered":"<p>[ad_1]<\/p>\n<blockquote class=\"twitter-tweet\">\n<p lang=\"pt\" dir=\"ltr\">Acho que tem coisa nova na Transinforma\u00e7\u00e3o ! Gostei do texto \u201cCaminhos legais e ilegais para o Acesso Aberto: uma explora\u00e7\u00e3o de controv\u00e9rsias\u201d do <a target=\"_blank\" href=\"https:\/\/twitter.com\/waltieller?ref_src=twsrc%5Etfw\" rel=\"noopener noreferrer\">@waltieller<\/a> e <a target=\"_blank\" href=\"https:\/\/twitter.com\/SuelimaraUsp?ref_src=twsrc%5Etfw\" rel=\"noopener noreferrer\">@SuelimaraUsp<\/a> . Discuss\u00e3o sobre o Sci-hub , Acesso aberto paralelo, Black open access, Shadow library!  \ud83d\udc4f\ud83c\udffb\ud83d\udc4f\ud83c\udffb\ud83d\udc4f\ud83c\udffb<\/p>\n<p>&mdash; Pedro Andretta (@andretta_pedro) <a target=\"_blank\" href=\"https:\/\/twitter.com\/andretta_pedro\/status\/1199411904382418945?ref_src=twsrc%5Etfw\" rel=\"noopener noreferrer\">November 26, 2019<\/a><\/p><\/blockquote>\n<p><script async src=\"https:\/\/platform.twitter.com\/widgets.js\" charset=\"utf-8\"><\/script><\/p>\n<p>[ad_2]<br \/>\n<br \/><a href=\"https:\/\/twitter.com\/andretta_pedro\/statuses\/1199411904382418945\">Source<\/a> by <a href=\"https:\/\/t.co\/MfIsGWjH1p\">Pedro Andretta<\/a><\/p>\n","protected":false},"excerpt":{"rendered":"<p>[ad_1] Acho que tem coisa nova na Transinforma\u00e7\u00e3o ! Gostei do texto \u201cCaminhos legais e ilegais para o Acesso Aberto: uma explora\u00e7\u00e3o de controv\u00e9rsias\u201d do @waltieller e @SuelimaraUsp . Discuss\u00e3o sobre o Sci-hub , Acesso aberto paralelo, Black open access, Shadow library! \ud83d\udc4f\ud83c\udffb\ud83d\udc4f\ud83c\udffb\ud83d\udc4f\ud83c\udffb &mdash; Pedro Andretta (@andretta_pedro) November 26, 2019 [ad_2] Source by Pedro Andretta<\/p>\n","protected":false},"author":1,"featured_media":0,"comment_status":"closed","ping_status":"open","sticky":false,"template":"","format":"standard","meta":{"_jetpack_memberships_contains_paid_content":false,"footnotes":"","jetpack_publicize_message":"","jetpack_publicize_feature_enabled":true,"jetpack_social_post_already_shared":false,"jetpack_social_options":{"image_generator_settings":{"template":"highway","default_image_id":0,"font":"","enabled":false},"version":2}},"categories":[21],"tags":[],"class_list":["post-2747","post","type-post","status-publish","format-standard","hentry","category-informeci"],"jetpack_publicize_connections":[],"jetpack_featured_media_url":"","views":"","jetpack_sharing_enabled":true,"_links":{"self":[{"href":"https:\/\/www.pedroandretta.info\/index\/wp-json\/wp\/v2\/posts\/2747","targetHints":{"allow":["GET"]}}],"collection":[{"href":"https:\/\/www.pedroandretta.info\/index\/wp-json\/wp\/v2\/posts"}],"about":[{"href":"https:\/\/www.pedroandretta.info\/index\/wp-json\/wp\/v2\/types\/post"}],"author":[{"embeddable":true,"href":"https:\/\/www.pedroandretta.info\/index\/wp-json\/wp\/v2\/users\/1"}],"replies":[{"embeddable":true,"href":"https:\/\/www.pedroandretta.info\/index\/wp-json\/wp\/v2\/comments?post=2747"}],"version-history":[{"count":0,"href":"https:\/\/www.pedroandretta.info\/index\/wp-json\/wp\/v2\/posts\/2747\/revisions"}],"wp:attachment":[{"href":"https:\/\/www.pedroandretta.info\/index\/wp-json\/wp\/v2\/media?parent=2747"}],"wp:term":[{"taxonomy":"category","embeddable":true,"href":"https:\/\/www.pedroandretta.info\/index\/wp-json\/wp\/v2\/categories?post=2747"},{"taxonomy":"post_tag","embeddable":true,"href":"https:\/\/www.pedroandretta.info\/index\/wp-json\/wp\/v2\/tags?post=2747"}],"curies":[{"name":"wp","href":"https:\/\/api.w.org\/{rel}","templated":true}]}}