{"id":27548,"date":"2024-10-27T11:39:33","date_gmt":"2024-10-27T15:39:33","guid":{"rendered":"https:\/\/www.pedroandretta.info\/index\/?p=27548"},"modified":"2024-10-27T11:39:36","modified_gmt":"2024-10-27T15:39:36","slug":"qualis-periodicos-sera-substituido-por-classificacao-com-foco-nos-artigos-pesquisa-fapesp","status":"publish","type":"post","link":"https:\/\/www.pedroandretta.info\/index\/2024\/10\/qualis-periodicos-sera-substituido-por-classificacao-com-foco-nos-artigos-pesquisa-fapesp\/","title":{"rendered":"Qualis-peri\u00f3dicos ser\u00e1 substitu\u00eddo por classifica\u00e7\u00e3o com foco nos artigos \/ Pesquisa Fapesp"},"content":{"rendered":"\n<p><strong>Qualis-peri\u00f3dicos ser\u00e1 substitu\u00eddo por classifica\u00e7\u00e3o com foco nos artigos<\/strong><\/p>\n\n\n\n<p>Provavelmente, os respons\u00e1veis pelas revistas precisar\u00e3o fazer um trabalho maior de divulga\u00e7\u00e3o dos artigos publicados, seja na imprensa ou em redes sociais, para que seus indicadores altim\u00e9tricos melhorem. \u201cSempre fui cr\u00edtico do Qualis, porque esse sistema prejudicava as revistas cient\u00edficas do Brasil. Agora, nossos peri\u00f3dicos de qualidade poder\u00e3o ter a visibilidade que merecem por receberem pesquisas relevantes que temos publicado em peri\u00f3dicos de fora do Brasil\u201d, diz Rode.<\/p>\n\n\n\n<p>#NovoQualis<\/p>\n\n\n\n<p>via Pesquisa Fapesp<\/p>\n\n\n\n<p>Dispon\u00edvel em: <a href=\"https:\/\/revistapesquisa.fapesp.br\/qualis-periodicos-sera-substituido-por-classificacao-com-foco-nos-artigos\/?utm_source=rss&amp;utm_medium=rss&amp;utm_campaign=qualis-periodicos-sera-substituido-por-classificacao-com-foco-nos-artigos\">https:\/\/revistapesquisa.fapesp.br\/qualis-periodicos-sera-substituido-por-classificacao-com-foco-nos-artigos\/<\/a><\/p>\n","protected":false},"excerpt":{"rendered":"<p>Qualis-peri\u00f3dicos ser\u00e1 substitu\u00eddo por classifica\u00e7\u00e3o com foco nos artigos Provavelmente, os respons\u00e1veis pelas revistas precisar\u00e3o fazer um trabalho maior de divulga\u00e7\u00e3o dos artigos publicados, seja na imprensa ou em redes sociais, para que seus indicadores altim\u00e9tricos melhorem. \u201cSempre fui cr\u00edtico do Qualis, porque esse sistema prejudicava as revistas cient\u00edficas do Brasil. Agora, nossos peri\u00f3dicos de<\/p><\/div>\n<div class=\"blog-btn\"><a href=\"https:\/\/www.pedroandretta.info\/index\/2024\/10\/qualis-periodicos-sera-substituido-por-classificacao-com-foco-nos-artigos-pesquisa-fapesp\/\" class=\"home-blog-btn\">Ler mais<\/a><\/p>\n","protected":false},"author":1,"featured_media":0,"comment_status":"open","ping_status":"open","sticky":false,"template":"","format":"standard","meta":{"_jetpack_memberships_contains_paid_content":false,"footnotes":"","jetpack_publicize_message":"","jetpack_publicize_feature_enabled":true,"jetpack_social_post_already_shared":true,"jetpack_social_options":{"image_generator_settings":{"template":"highway","default_image_id":0,"font":"","enabled":false},"version":2}},"categories":[21],"tags":[3769],"class_list":["post-27548","post","type-post","status-publish","format-standard","hentry","category-informeci","tag-novoqualiscapes"],"jetpack_publicize_connections":[],"jetpack_featured_media_url":"","views":"","jetpack_sharing_enabled":true,"_links":{"self":[{"href":"https:\/\/www.pedroandretta.info\/index\/wp-json\/wp\/v2\/posts\/27548","targetHints":{"allow":["GET"]}}],"collection":[{"href":"https:\/\/www.pedroandretta.info\/index\/wp-json\/wp\/v2\/posts"}],"about":[{"href":"https:\/\/www.pedroandretta.info\/index\/wp-json\/wp\/v2\/types\/post"}],"author":[{"embeddable":true,"href":"https:\/\/www.pedroandretta.info\/index\/wp-json\/wp\/v2\/users\/1"}],"replies":[{"embeddable":true,"href":"https:\/\/www.pedroandretta.info\/index\/wp-json\/wp\/v2\/comments?post=27548"}],"version-history":[{"count":0,"href":"https:\/\/www.pedroandretta.info\/index\/wp-json\/wp\/v2\/posts\/27548\/revisions"}],"wp:attachment":[{"href":"https:\/\/www.pedroandretta.info\/index\/wp-json\/wp\/v2\/media?parent=27548"}],"wp:term":[{"taxonomy":"category","embeddable":true,"href":"https:\/\/www.pedroandretta.info\/index\/wp-json\/wp\/v2\/categories?post=27548"},{"taxonomy":"post_tag","embeddable":true,"href":"https:\/\/www.pedroandretta.info\/index\/wp-json\/wp\/v2\/tags?post=27548"}],"curies":[{"name":"wp","href":"https:\/\/api.w.org\/{rel}","templated":true}]}}