{"id":27627,"date":"2024-11-02T13:26:50","date_gmt":"2024-11-02T17:26:50","guid":{"rendered":"https:\/\/www.pedroandretta.info\/index\/?p=27627"},"modified":"2024-11-02T13:26:55","modified_gmt":"2024-11-02T17:26:55","slug":"senado-aprova-projeto-de-lei-que-fixa-o-preco-de-novos-livros-e-limita-descontos-folha-de-s-paulo","status":"publish","type":"post","link":"https:\/\/www.pedroandretta.info\/index\/2024\/11\/senado-aprova-projeto-de-lei-que-fixa-o-preco-de-novos-livros-e-limita-descontos-folha-de-s-paulo\/","title":{"rendered":"Senado aprova projeto de lei que fixa o pre\u00e7o de novos livros e limita descontos \/ Folha de S. Paulo"},"content":{"rendered":"\n<p><strong>Senado aprova projeto de lei que fixa o pre\u00e7o de novos livros e limita descontos<\/strong><\/p>\n\n\n\n<p>A Lei Cortez, que prop\u00f5e regular pre\u00e7os e limitar descontos de livros rec\u00e9m-lan\u00e7ados, foi aprovada no Senado na \u00faltima ter\u00e7a-feira e agora segue para an\u00e1lise na C\u00e2mara dos Deputados.<\/p>\n\n\n\n<p>O projeto de lei 49\/2015, que j\u00e1 passou por dois turnos na Comiss\u00e3o de Cultura e Educa\u00e7\u00e3o e n\u00e3o teve pedido de vota\u00e7\u00e3o no plen\u00e1rio, busca impedir que livros sejam vendidos com descontos maiores que 10% no pre\u00e7o sugerido pelas editoras nos primeiros 12 meses a partir de seu lan\u00e7amento. Obras mais antigas ainda poder\u00e3o ser vendidas normalmente com ofertas.<\/p>\n\n\n\n<p>via Folha de S. Paulo<\/p>\n\n\n\n<p>#Livros #LeiCortez<\/p>\n\n\n\n<p>Dispon\u00edvel em: <a href=\"https:\/\/www1.folha.uol.com.br\/ilustrada\/2024\/11\/senado-aprova-projeto-de-lei-que-fixa-preco-de-novos-livros-e-limita-descontos.shtml\">https:\/\/www1.folha.uol.com.br\/ilustrada\/2024\/11\/senado-aprova-projeto-de-lei-que-fixa-preco-de-novos-livros-e-limita-descontos.shtml<\/a><\/p>\n","protected":false},"excerpt":{"rendered":"<p>Senado aprova projeto de lei que fixa o pre\u00e7o de novos livros e limita descontos A Lei Cortez, que prop\u00f5e regular pre\u00e7os e limitar descontos de livros rec\u00e9m-lan\u00e7ados, foi aprovada no Senado na \u00faltima ter\u00e7a-feira e agora segue para an\u00e1lise na C\u00e2mara dos Deputados. O projeto de lei 49\/2015, que j\u00e1 passou por dois turnos<\/p><\/div>\n<div class=\"blog-btn\"><a href=\"https:\/\/www.pedroandretta.info\/index\/2024\/11\/senado-aprova-projeto-de-lei-que-fixa-o-preco-de-novos-livros-e-limita-descontos-folha-de-s-paulo\/\" class=\"home-blog-btn\">Ler mais<\/a><\/p>\n","protected":false},"author":1,"featured_media":0,"comment_status":"open","ping_status":"open","sticky":false,"template":"","format":"standard","meta":{"_jetpack_memberships_contains_paid_content":false,"footnotes":"","jetpack_publicize_message":"","jetpack_publicize_feature_enabled":true,"jetpack_social_post_already_shared":true,"jetpack_social_options":{"image_generator_settings":{"template":"highway","default_image_id":0,"font":"","enabled":false},"version":2}},"categories":[21],"tags":[3773,63],"class_list":["post-27627","post","type-post","status-publish","format-standard","hentry","category-informeci","tag-leicortez","tag-livros"],"jetpack_publicize_connections":[],"jetpack_featured_media_url":"","views":"","jetpack_sharing_enabled":true,"_links":{"self":[{"href":"https:\/\/www.pedroandretta.info\/index\/wp-json\/wp\/v2\/posts\/27627","targetHints":{"allow":["GET"]}}],"collection":[{"href":"https:\/\/www.pedroandretta.info\/index\/wp-json\/wp\/v2\/posts"}],"about":[{"href":"https:\/\/www.pedroandretta.info\/index\/wp-json\/wp\/v2\/types\/post"}],"author":[{"embeddable":true,"href":"https:\/\/www.pedroandretta.info\/index\/wp-json\/wp\/v2\/users\/1"}],"replies":[{"embeddable":true,"href":"https:\/\/www.pedroandretta.info\/index\/wp-json\/wp\/v2\/comments?post=27627"}],"version-history":[{"count":0,"href":"https:\/\/www.pedroandretta.info\/index\/wp-json\/wp\/v2\/posts\/27627\/revisions"}],"wp:attachment":[{"href":"https:\/\/www.pedroandretta.info\/index\/wp-json\/wp\/v2\/media?parent=27627"}],"wp:term":[{"taxonomy":"category","embeddable":true,"href":"https:\/\/www.pedroandretta.info\/index\/wp-json\/wp\/v2\/categories?post=27627"},{"taxonomy":"post_tag","embeddable":true,"href":"https:\/\/www.pedroandretta.info\/index\/wp-json\/wp\/v2\/tags?post=27627"}],"curies":[{"name":"wp","href":"https:\/\/api.w.org\/{rel}","templated":true}]}}