{"id":27648,"date":"2024-11-03T12:36:32","date_gmt":"2024-11-03T16:36:32","guid":{"rendered":"https:\/\/www.pedroandretta.info\/index\/?p=27648"},"modified":"2024-11-03T12:36:38","modified_gmt":"2024-11-03T16:36:38","slug":"extrema-direita-usa-redes-sociais-para-disseminar-fake-news-contra-indigenas-observatorio-de-imprensa","status":"publish","type":"post","link":"https:\/\/www.pedroandretta.info\/index\/2024\/11\/extrema-direita-usa-redes-sociais-para-disseminar-fake-news-contra-indigenas-observatorio-de-imprensa\/","title":{"rendered":"Extrema direita usa redes sociais para disseminar fake news contra ind\u00edgenas \/ Observat\u00f3rio de Imprensa"},"content":{"rendered":"\n<p><strong>Extrema direita usa redes sociais para disseminar fake news contra ind\u00edgenas<\/strong><\/p>\n\n\n\n<p>A desinforma\u00e7\u00e3o contra os ind\u00edgenas brasileiros abarca nove assuntos, e nossa escolha foi por indicar todos de modo n\u00e3o excludente, ou seja, fazendo com que a fake news pudesse estar em mais de uma categoria, algo que n\u00e3o aconteceu apenas tr\u00eas vezes (Ideologia).<\/p>\n\n\n\n<p>via Observat\u00f3rio de Imprensa<\/p>\n\n\n\n<p>#Desinforma\u00e7\u00e3o #PovosInd\u00edgenas<\/p>\n\n\n\n<p>Dispon\u00edvel em: <a href=\"https:\/\/www.observatoriodaimprensa.com.br\/pesquisas\/extrema-direita-usa-redes-sociais-para-disseminar-fake-news-contra-indigenas\/\">https:\/\/www.observatoriodaimprensa.com.br\/pesquisas\/extrema-direita-usa-redes-sociais-para-disseminar-fake-news-contra-indigenas\/<\/a><\/p>\n\n\n\n<figure class=\"wp-block-image size-large\"><img data-recalc-dims=\"1\" decoding=\"async\" width=\"600\" height=\"423\" src=\"https:\/\/i0.wp.com\/www.pedroandretta.info\/index\/wp-content\/uploads\/2024\/11\/image-8.png?resize=600%2C423&#038;ssl=1\" alt=\"\" class=\"wp-image-27649\" srcset=\"https:\/\/i0.wp.com\/www.pedroandretta.info\/index\/wp-content\/uploads\/2024\/11\/image-8.png?resize=600%2C423&amp;ssl=1 600w, https:\/\/i0.wp.com\/www.pedroandretta.info\/index\/wp-content\/uploads\/2024\/11\/image-8.png?resize=300%2C211&amp;ssl=1 300w, https:\/\/i0.wp.com\/www.pedroandretta.info\/index\/wp-content\/uploads\/2024\/11\/image-8.png?resize=768%2C541&amp;ssl=1 768w, https:\/\/i0.wp.com\/www.pedroandretta.info\/index\/wp-content\/uploads\/2024\/11\/image-8.png?w=1149&amp;ssl=1 1149w\" sizes=\"(max-width: 600px) 100vw, 600px\" \/><\/figure>\n","protected":false},"excerpt":{"rendered":"<p>Extrema direita usa redes sociais para disseminar fake news contra ind\u00edgenas A desinforma\u00e7\u00e3o contra os ind\u00edgenas brasileiros abarca nove assuntos, e nossa escolha foi por indicar todos de modo n\u00e3o excludente, ou seja, fazendo com que a fake news pudesse estar em mais de uma categoria, algo que n\u00e3o aconteceu apenas tr\u00eas vezes (Ideologia). via<\/p><\/div>\n<div class=\"blog-btn\"><a href=\"https:\/\/www.pedroandretta.info\/index\/2024\/11\/extrema-direita-usa-redes-sociais-para-disseminar-fake-news-contra-indigenas-observatorio-de-imprensa\/\" class=\"home-blog-btn\">Ler mais<\/a><\/p>\n","protected":false},"author":1,"featured_media":0,"comment_status":"open","ping_status":"open","sticky":false,"template":"","format":"standard","meta":{"_jetpack_memberships_contains_paid_content":false,"footnotes":"","jetpack_publicize_message":"","jetpack_publicize_feature_enabled":true,"jetpack_social_post_already_shared":true,"jetpack_social_options":{"image_generator_settings":{"template":"highway","default_image_id":0,"font":"","enabled":false},"version":2}},"categories":[21],"tags":[142,2700],"class_list":["post-27648","post","type-post","status-publish","format-standard","hentry","category-informeci","tag-desinformacao","tag-povosindigenas"],"jetpack_publicize_connections":[],"jetpack_featured_media_url":"","views":"","jetpack_sharing_enabled":true,"_links":{"self":[{"href":"https:\/\/www.pedroandretta.info\/index\/wp-json\/wp\/v2\/posts\/27648","targetHints":{"allow":["GET"]}}],"collection":[{"href":"https:\/\/www.pedroandretta.info\/index\/wp-json\/wp\/v2\/posts"}],"about":[{"href":"https:\/\/www.pedroandretta.info\/index\/wp-json\/wp\/v2\/types\/post"}],"author":[{"embeddable":true,"href":"https:\/\/www.pedroandretta.info\/index\/wp-json\/wp\/v2\/users\/1"}],"replies":[{"embeddable":true,"href":"https:\/\/www.pedroandretta.info\/index\/wp-json\/wp\/v2\/comments?post=27648"}],"version-history":[{"count":0,"href":"https:\/\/www.pedroandretta.info\/index\/wp-json\/wp\/v2\/posts\/27648\/revisions"}],"wp:attachment":[{"href":"https:\/\/www.pedroandretta.info\/index\/wp-json\/wp\/v2\/media?parent=27648"}],"wp:term":[{"taxonomy":"category","embeddable":true,"href":"https:\/\/www.pedroandretta.info\/index\/wp-json\/wp\/v2\/categories?post=27648"},{"taxonomy":"post_tag","embeddable":true,"href":"https:\/\/www.pedroandretta.info\/index\/wp-json\/wp\/v2\/tags?post=27648"}],"curies":[{"name":"wp","href":"https:\/\/api.w.org\/{rel}","templated":true}]}}