{"id":27712,"date":"2024-11-07T10:31:19","date_gmt":"2024-11-07T14:31:19","guid":{"rendered":"https:\/\/www.pedroandretta.info\/index\/?p=27712"},"modified":"2024-11-07T10:31:33","modified_gmt":"2024-11-07T14:31:33","slug":"ala-promete-defender-a-liberdade-intelectual-e-o-acesso-a-informacao-contra-ameacas-politicas-ala","status":"publish","type":"post","link":"https:\/\/www.pedroandretta.info\/index\/2024\/11\/ala-promete-defender-a-liberdade-intelectual-e-o-acesso-a-informacao-contra-ameacas-politicas-ala\/","title":{"rendered":"ALA promete defender a liberdade intelectual e o acesso \u00e0 informa\u00e7\u00e3o contra amea\u00e7as pol\u00edticas\u202f \/ ALA"},"content":{"rendered":"\n<p><strong>ALA promete defender a liberdade intelectual e o acesso \u00e0 informa\u00e7\u00e3o contra amea\u00e7as pol\u00edticas\u202f<\/strong><\/p>\n\n\n\n<p>Em resposta aos resultados das elei\u00e7\u00f5es de 2024 nos Estados Unidos, a Associa\u00e7\u00e3o Americana de Bibliotecas (ALA) prometeu continuar defendendo os valores fundamentais da biblioteconomia diante de amea\u00e7as pol\u00edticas.\u202f<\/p>\n\n\n\n<p>\u201cSabemos que muitos dos nossos membros est\u00e3o preocupados que os resultados das elei\u00e7\u00f5es prenunciam ataques a bibliotecas, trabalhadores de bibliotecas e leitores\u201d, disse a presidente da ALA, Cindy Hohl. \u201cAconte\u00e7a o que acontecer, a ALA defender\u00e1 a liberdade de leitura de todos os americanos \u2014 e precisaremos que todos que amam bibliotecas nos apoiem.\u201d\u202f<\/p>\n\n\n\n<p>via ALA<\/p>\n\n\n\n<p>#LiberdadeIntelectual #ALA #Censura #EUA<\/p>\n\n\n\n<p>Dispon\u00edvel em: <a href=\"https:\/\/www.ala.org\/news\/2024\/11\/ala-vows-defend-intellectual-freedom-and-access-information-against-political-threats\">https:\/\/www.ala.org\/news\/2024\/11\/ala-vows-defend-intellectual-freedom-and-access-information-against-political-threats<\/a><\/p>\n\n\n\n<figure class=\"wp-block-image size-large\"><img data-recalc-dims=\"1\" decoding=\"async\" width=\"600\" height=\"433\" src=\"https:\/\/i0.wp.com\/www.pedroandretta.info\/index\/wp-content\/uploads\/2024\/11\/image-19.png?resize=600%2C433&#038;ssl=1\" alt=\"\" class=\"wp-image-27713\" srcset=\"https:\/\/i0.wp.com\/www.pedroandretta.info\/index\/wp-content\/uploads\/2024\/11\/image-19.png?resize=600%2C433&amp;ssl=1 600w, https:\/\/i0.wp.com\/www.pedroandretta.info\/index\/wp-content\/uploads\/2024\/11\/image-19.png?resize=300%2C216&amp;ssl=1 300w, https:\/\/i0.wp.com\/www.pedroandretta.info\/index\/wp-content\/uploads\/2024\/11\/image-19.png?resize=768%2C554&amp;ssl=1 768w, https:\/\/i0.wp.com\/www.pedroandretta.info\/index\/wp-content\/uploads\/2024\/11\/image-19.png?w=960&amp;ssl=1 960w\" sizes=\"(max-width: 600px) 100vw, 600px\" \/><\/figure>\n","protected":false},"excerpt":{"rendered":"<p>ALA promete defender a liberdade intelectual e o acesso \u00e0 informa\u00e7\u00e3o contra amea\u00e7as pol\u00edticas\u202f Em resposta aos resultados das elei\u00e7\u00f5es de 2024 nos Estados Unidos, a Associa\u00e7\u00e3o Americana de Bibliotecas (ALA) prometeu continuar defendendo os valores fundamentais da biblioteconomia diante de amea\u00e7as pol\u00edticas.\u202f \u201cSabemos que muitos dos nossos membros est\u00e3o preocupados que os resultados das<\/p><\/div>\n<div class=\"blog-btn\"><a href=\"https:\/\/www.pedroandretta.info\/index\/2024\/11\/ala-promete-defender-a-liberdade-intelectual-e-o-acesso-a-informacao-contra-ameacas-politicas-ala\/\" class=\"home-blog-btn\">Ler mais<\/a><\/p>\n","protected":false},"author":1,"featured_media":0,"comment_status":"open","ping_status":"open","sticky":false,"template":"","format":"standard","meta":{"_jetpack_memberships_contains_paid_content":false,"footnotes":"","jetpack_publicize_message":"","jetpack_publicize_feature_enabled":true,"jetpack_social_post_already_shared":true,"jetpack_social_options":{"image_generator_settings":{"template":"highway","default_image_id":0,"font":"","enabled":false},"version":2}},"categories":[21],"tags":[712,168,165,1162],"class_list":["post-27712","post","type-post","status-publish","format-standard","hentry","category-informeci","tag-ala","tag-censura","tag-eua","tag-liberdadeintelectual"],"jetpack_publicize_connections":[],"jetpack_featured_media_url":"","views":"","jetpack_sharing_enabled":true,"_links":{"self":[{"href":"https:\/\/www.pedroandretta.info\/index\/wp-json\/wp\/v2\/posts\/27712","targetHints":{"allow":["GET"]}}],"collection":[{"href":"https:\/\/www.pedroandretta.info\/index\/wp-json\/wp\/v2\/posts"}],"about":[{"href":"https:\/\/www.pedroandretta.info\/index\/wp-json\/wp\/v2\/types\/post"}],"author":[{"embeddable":true,"href":"https:\/\/www.pedroandretta.info\/index\/wp-json\/wp\/v2\/users\/1"}],"replies":[{"embeddable":true,"href":"https:\/\/www.pedroandretta.info\/index\/wp-json\/wp\/v2\/comments?post=27712"}],"version-history":[{"count":0,"href":"https:\/\/www.pedroandretta.info\/index\/wp-json\/wp\/v2\/posts\/27712\/revisions"}],"wp:attachment":[{"href":"https:\/\/www.pedroandretta.info\/index\/wp-json\/wp\/v2\/media?parent=27712"}],"wp:term":[{"taxonomy":"category","embeddable":true,"href":"https:\/\/www.pedroandretta.info\/index\/wp-json\/wp\/v2\/categories?post=27712"},{"taxonomy":"post_tag","embeddable":true,"href":"https:\/\/www.pedroandretta.info\/index\/wp-json\/wp\/v2\/tags?post=27712"}],"curies":[{"name":"wp","href":"https:\/\/api.w.org\/{rel}","templated":true}]}}