{"id":27719,"date":"2024-11-08T01:18:52","date_gmt":"2024-11-08T05:18:52","guid":{"rendered":"https:\/\/www.pedroandretta.info\/index\/?p=27719"},"modified":"2024-11-08T01:18:58","modified_gmt":"2024-11-08T05:18:58","slug":"uma-revisao-dos-componentes-da-internacionalizacao-de-periodicos-para-a-comunicacao-cientifica-global-journal-of-the-korean-society-for-information-management","status":"publish","type":"post","link":"https:\/\/www.pedroandretta.info\/index\/2024\/11\/uma-revisao-dos-componentes-da-internacionalizacao-de-periodicos-para-a-comunicacao-cientifica-global-journal-of-the-korean-society-for-information-management\/","title":{"rendered":"Uma revis\u00e3o dos componentes da internacionaliza\u00e7\u00e3o de peri\u00f3dicos para a comunica\u00e7\u00e3o cient\u00edfica global \/ Journal of the Korean Society for Information Management"},"content":{"rendered":"\n<p><strong>Uma revis\u00e3o dos componentes da internacionaliza\u00e7\u00e3o de peri\u00f3dicos para a comunica\u00e7\u00e3o cient\u00edfica global <\/strong><\/p>\n\n\n\n<p>Este estudo discutiu a situa\u00e7\u00e3o atual e os desafios da comunica\u00e7\u00e3o acad\u00eamica global e da internacionaliza\u00e7\u00e3o de peri\u00f3dicos por meio de uma revis\u00e3o da literatura. Definimos a internacionaliza\u00e7\u00e3o das revistas acad\u00eamicas na perspectiva da comunica\u00e7\u00e3o acad\u00eamica global e discutimos os fatores que afetam a universalidade, a inclus\u00e3o e a diversidade bibliogr\u00e1fica do conhecimento, bem como os atuais obst\u00e1culos \u00e0 comunica\u00e7\u00e3o acad\u00eamica global liderada pela comunidade de pesquisa. [&#8230;] Al\u00e9m disso, enfatizou a import\u00e2ncia da coopera\u00e7\u00e3o internacional e nacional e do desenvolvimento de pol\u00edticas, o papel das bibliotecas universit\u00e1rias e associa\u00e7\u00f5es de bibliotecas, e da sensibiliza\u00e7\u00e3o entre investigadores, universidades e organiza\u00e7\u00f5es acad\u00e9micas, e procurou formas de expandir a inclus\u00e3o e a diversidade do mundo acad\u00e9mico global. ambiente de comunica\u00e7\u00e3o.<\/p>\n\n\n\n<p>#Comunica\u00e7\u00e3oCient\u00edfica #AcessoAberto<\/p>\n\n\n\n<p>Dispon\u00edvel em: <a href=\"https:\/\/accesson.kr\/kosim\/v.41\/3\/359\/45135\">https:\/\/accesson.kr\/kosim\/v.41\/3\/359\/45135<\/a><\/p>\n\n\n\n<figure class=\"wp-block-image size-full\"><img data-recalc-dims=\"1\" decoding=\"async\" width=\"342\" height=\"510\" src=\"https:\/\/i0.wp.com\/www.pedroandretta.info\/index\/wp-content\/uploads\/2024\/11\/image-21.png?resize=342%2C510&#038;ssl=1\" alt=\"\" class=\"wp-image-27720\" srcset=\"https:\/\/i0.wp.com\/www.pedroandretta.info\/index\/wp-content\/uploads\/2024\/11\/image-21.png?w=342&amp;ssl=1 342w, https:\/\/i0.wp.com\/www.pedroandretta.info\/index\/wp-content\/uploads\/2024\/11\/image-21.png?resize=201%2C300&amp;ssl=1 201w\" sizes=\"(max-width: 342px) 100vw, 342px\" \/><\/figure>\n","protected":false},"excerpt":{"rendered":"<p>Uma revis\u00e3o dos componentes da internacionaliza\u00e7\u00e3o de peri\u00f3dicos para a comunica\u00e7\u00e3o cient\u00edfica global Este estudo discutiu a situa\u00e7\u00e3o atual e os desafios da comunica\u00e7\u00e3o acad\u00eamica global e da internacionaliza\u00e7\u00e3o de peri\u00f3dicos por meio de uma revis\u00e3o da literatura. Definimos a internacionaliza\u00e7\u00e3o das revistas acad\u00eamicas na perspectiva da comunica\u00e7\u00e3o acad\u00eamica global e discutimos os fatores que<\/p><\/div>\n<div class=\"blog-btn\"><a href=\"https:\/\/www.pedroandretta.info\/index\/2024\/11\/uma-revisao-dos-componentes-da-internacionalizacao-de-periodicos-para-a-comunicacao-cientifica-global-journal-of-the-korean-society-for-information-management\/\" class=\"home-blog-btn\">Ler mais<\/a><\/p>\n","protected":false},"author":1,"featured_media":0,"comment_status":"open","ping_status":"open","sticky":false,"template":"","format":"standard","meta":{"_jetpack_memberships_contains_paid_content":false,"footnotes":"","jetpack_publicize_message":"","jetpack_publicize_feature_enabled":true,"jetpack_social_post_already_shared":true,"jetpack_social_options":{"image_generator_settings":{"template":"highway","default_image_id":0,"font":"","enabled":false},"version":2}},"categories":[21],"tags":[320,222],"class_list":["post-27719","post","type-post","status-publish","format-standard","hentry","category-informeci","tag-acessoaberto","tag-comunicacaocientifica"],"jetpack_publicize_connections":[],"jetpack_featured_media_url":"","views":"","jetpack_sharing_enabled":true,"_links":{"self":[{"href":"https:\/\/www.pedroandretta.info\/index\/wp-json\/wp\/v2\/posts\/27719","targetHints":{"allow":["GET"]}}],"collection":[{"href":"https:\/\/www.pedroandretta.info\/index\/wp-json\/wp\/v2\/posts"}],"about":[{"href":"https:\/\/www.pedroandretta.info\/index\/wp-json\/wp\/v2\/types\/post"}],"author":[{"embeddable":true,"href":"https:\/\/www.pedroandretta.info\/index\/wp-json\/wp\/v2\/users\/1"}],"replies":[{"embeddable":true,"href":"https:\/\/www.pedroandretta.info\/index\/wp-json\/wp\/v2\/comments?post=27719"}],"version-history":[{"count":0,"href":"https:\/\/www.pedroandretta.info\/index\/wp-json\/wp\/v2\/posts\/27719\/revisions"}],"wp:attachment":[{"href":"https:\/\/www.pedroandretta.info\/index\/wp-json\/wp\/v2\/media?parent=27719"}],"wp:term":[{"taxonomy":"category","embeddable":true,"href":"https:\/\/www.pedroandretta.info\/index\/wp-json\/wp\/v2\/categories?post=27719"},{"taxonomy":"post_tag","embeddable":true,"href":"https:\/\/www.pedroandretta.info\/index\/wp-json\/wp\/v2\/tags?post=27719"}],"curies":[{"name":"wp","href":"https:\/\/api.w.org\/{rel}","templated":true}]}}