{"id":27725,"date":"2024-11-08T01:28:50","date_gmt":"2024-11-08T05:28:50","guid":{"rendered":"https:\/\/www.pedroandretta.info\/index\/?p=27725"},"modified":"2024-11-08T01:28:56","modified_gmt":"2024-11-08T05:28:56","slug":"acessibilidade-pessoas-com-deficiencia-museus-e-exposicoes-on-line-perspectivas-em-ciencia-da-informacao","status":"publish","type":"post","link":"https:\/\/www.pedroandretta.info\/index\/2024\/11\/acessibilidade-pessoas-com-deficiencia-museus-e-exposicoes-on-line-perspectivas-em-ciencia-da-informacao\/","title":{"rendered":"Acessibilidade, pessoas com defici\u00eancia, museus e exposi\u00e7\u00f5es on-line \/ Perspectivas em Ci\u00eancia da Informa\u00e7\u00e3o"},"content":{"rendered":"\n<p><strong>Acessibilidade, pessoas com defici\u00eancia, museus e exposi\u00e7\u00f5es on-line<\/strong><\/p>\n\n\n\n<p>Em distintas classes, sentimos falta de mais pr\u00e1ticas e pesquisas relacionadas ao protagonismo, \u00e0 produ\u00e7\u00e3o, participa\u00e7\u00e3o e coopera\u00e7\u00e3o com pessoas com defici\u00eancia. Poucos textos deixaram expl\u00edcito se havia ou n\u00e3o pessoas com defici\u00eancia como autores ou participantes da pesquisa, ponto que identificamos em menos da metade dos textos analisados [&#8230;]. Quest\u00f5es como navegabilidade e usabilidade na exposi\u00e7\u00e3o e a aplica\u00e7\u00e3o de recursos assistivos al\u00e9m da audiodescri\u00e7\u00e3o tamb\u00e9m n\u00e3o s\u00e3o abordadas.Esses pontos nos indicam que a investiga\u00e7\u00e3o sobre exposi\u00e7\u00f5es museais on-line,a acessibilidade a e experi\u00eancia de pessoas com defici\u00eancia ainda s\u00e3o processos pouco explorados no escopo da literatura que investigamos no presente estudo<\/p>\n\n\n\n<p>#Acessibilidade #Exposi\u00e7\u00f5esVirtuais #PcD #MuseusVirtuais<\/p>\n\n\n\n<p>Dispon\u00edvel em: <a href=\"https:\/\/periodicos.ufmg.br\/index.php\/pci\/article\/view\/51471\">https:\/\/periodicos.ufmg.br\/index.php\/pci\/article\/view\/51471<\/a><\/p>\n\n\n\n<figure class=\"wp-block-image size-full\"><img data-recalc-dims=\"1\" decoding=\"async\" width=\"407\" height=\"576\" src=\"https:\/\/i0.wp.com\/www.pedroandretta.info\/index\/wp-content\/uploads\/2024\/11\/image-23.png?resize=407%2C576&#038;ssl=1\" alt=\"\" class=\"wp-image-27726\" srcset=\"https:\/\/i0.wp.com\/www.pedroandretta.info\/index\/wp-content\/uploads\/2024\/11\/image-23.png?w=407&amp;ssl=1 407w, https:\/\/i0.wp.com\/www.pedroandretta.info\/index\/wp-content\/uploads\/2024\/11\/image-23.png?resize=212%2C300&amp;ssl=1 212w\" sizes=\"(max-width: 407px) 100vw, 407px\" \/><\/figure>\n","protected":false},"excerpt":{"rendered":"<p>Acessibilidade, pessoas com defici\u00eancia, museus e exposi\u00e7\u00f5es on-line Em distintas classes, sentimos falta de mais pr\u00e1ticas e pesquisas relacionadas ao protagonismo, \u00e0 produ\u00e7\u00e3o, participa\u00e7\u00e3o e coopera\u00e7\u00e3o com pessoas com defici\u00eancia. Poucos textos deixaram expl\u00edcito se havia ou n\u00e3o pessoas com defici\u00eancia como autores ou participantes da pesquisa, ponto que identificamos em menos da metade dos<\/p><\/div>\n<div class=\"blog-btn\"><a href=\"https:\/\/www.pedroandretta.info\/index\/2024\/11\/acessibilidade-pessoas-com-deficiencia-museus-e-exposicoes-on-line-perspectivas-em-ciencia-da-informacao\/\" class=\"home-blog-btn\">Ler mais<\/a><\/p>\n","protected":false},"author":1,"featured_media":0,"comment_status":"open","ping_status":"open","sticky":false,"template":"","format":"standard","meta":{"_jetpack_newsletter_access":"","_jetpack_dont_email_post_to_subs":false,"_jetpack_newsletter_tier_id":0,"_jetpack_memberships_contains_paywalled_content":false,"_jetpack_feature_clip_id":0,"_jetpack_memberships_contains_paid_content":false,"footnotes":"","jetpack_publicize_message":"","jetpack_publicize_feature_enabled":true,"jetpack_social_post_already_shared":true,"jetpack_social_options":{"image_generator_settings":{"template":"highway","default_image_id":0,"font":"","enabled":false},"version":2},"jetpack_post_was_ever_published":false},"categories":[21],"tags":[637,680,612,102],"class_list":["post-27725","post","type-post","status-publish","format-standard","hentry","category-informeci","tag-acessibilidade","tag-exposicaovirtual","tag-museusvirtuais","tag-pessoascomdeficiencia"],"jetpack_publicize_connections":[],"jetpack_featured_media_url":"","views":"","jetpack_sharing_enabled":true,"_links":{"self":[{"href":"https:\/\/www.pedroandretta.info\/index\/wp-json\/wp\/v2\/posts\/27725","targetHints":{"allow":["GET"]}}],"collection":[{"href":"https:\/\/www.pedroandretta.info\/index\/wp-json\/wp\/v2\/posts"}],"about":[{"href":"https:\/\/www.pedroandretta.info\/index\/wp-json\/wp\/v2\/types\/post"}],"author":[{"embeddable":true,"href":"https:\/\/www.pedroandretta.info\/index\/wp-json\/wp\/v2\/users\/1"}],"replies":[{"embeddable":true,"href":"https:\/\/www.pedroandretta.info\/index\/wp-json\/wp\/v2\/comments?post=27725"}],"version-history":[{"count":0,"href":"https:\/\/www.pedroandretta.info\/index\/wp-json\/wp\/v2\/posts\/27725\/revisions"}],"wp:attachment":[{"href":"https:\/\/www.pedroandretta.info\/index\/wp-json\/wp\/v2\/media?parent=27725"}],"wp:term":[{"taxonomy":"category","embeddable":true,"href":"https:\/\/www.pedroandretta.info\/index\/wp-json\/wp\/v2\/categories?post=27725"},{"taxonomy":"post_tag","embeddable":true,"href":"https:\/\/www.pedroandretta.info\/index\/wp-json\/wp\/v2\/tags?post=27725"}],"curies":[{"name":"wp","href":"https:\/\/api.w.org\/{rel}","templated":true}]}}