{"id":27728,"date":"2024-11-08T01:32:36","date_gmt":"2024-11-08T05:32:36","guid":{"rendered":"https:\/\/www.pedroandretta.info\/index\/?p=27728"},"modified":"2024-11-08T01:33:06","modified_gmt":"2024-11-08T05:33:06","slug":"declaracao-sobre-bibliotecas-e-a-liberdade-intelectual-de-criancas-e-jovens-federacao-canadense-de-associacoes-de-bibliotecas","status":"publish","type":"post","link":"https:\/\/www.pedroandretta.info\/index\/2024\/11\/declaracao-sobre-bibliotecas-e-a-liberdade-intelectual-de-criancas-e-jovens-federacao-canadense-de-associacoes-de-bibliotecas\/","title":{"rendered":"Declara\u00e7\u00e3o sobre Bibliotecas e a Liberdade Intelectual de Crian\u00e7as e Jovens \/ Federa\u00e7\u00e3o Canadense de Associa\u00e7\u00f5es de Bibliotecas"},"content":{"rendered":"\n<p><strong>Declara\u00e7\u00e3o sobre Bibliotecas e a Liberdade Intelectual de Crian\u00e7as e Jovens<\/strong><\/p>\n\n\n\n<p>As bibliotecas fornecem uma ampla gama de servi\u00e7os para atender \u00e0s necessidades educacionais e recreativas de seus usu\u00e1rios. Usu\u00e1rios de bibliotecas de todas as idades t\u00eam seus pr\u00f3prios conjuntos \u00fanicos de valores, n\u00edveis de maturidade e habilidades cognitivas. As bibliotecas n\u00e3o fazem suposi\u00e7\u00f5es ou julgamentos sobre seus usu\u00e1rios, nem imp\u00f5em limita\u00e7\u00f5es arbitr\u00e1rias ao acesso aos servi\u00e7os da biblioteca. Portanto, menores n\u00e3o devem ser impedidos de acessar servi\u00e7os com base em sua idade, e nenhum servi\u00e7o deve ser exclu\u00eddo pela chance de ser acessado por menores.<\/p>\n\n\n\n<p>#LiberdadeIntelectual #Bibliotecas<\/p>\n\n\n\n<p>Dispon\u00edvel em: <a href=\"https:\/\/cfla-fcab.ca\/wp-content\/uploads\/2024\/09\/April-25-2024-CFLA-Statement-on-Children-Libraries-IF.docx.pdf\">https:\/\/cfla-fcab.ca\/wp-content\/uploads\/2024\/09\/April-25-2024-CFLA-Statement-on-Children-Libraries-IF.docx.pdf<\/a><\/p>\n\n\n\n<figure class=\"wp-block-image size-full\"><img data-recalc-dims=\"1\" decoding=\"async\" width=\"437\" height=\"560\" src=\"https:\/\/i0.wp.com\/www.pedroandretta.info\/index\/wp-content\/uploads\/2024\/11\/image-24.png?resize=437%2C560&#038;ssl=1\" alt=\"\" class=\"wp-image-27729\" srcset=\"https:\/\/i0.wp.com\/www.pedroandretta.info\/index\/wp-content\/uploads\/2024\/11\/image-24.png?w=437&amp;ssl=1 437w, https:\/\/i0.wp.com\/www.pedroandretta.info\/index\/wp-content\/uploads\/2024\/11\/image-24.png?resize=234%2C300&amp;ssl=1 234w\" sizes=\"(max-width: 437px) 100vw, 437px\" \/><\/figure>\n","protected":false},"excerpt":{"rendered":"<p>Declara\u00e7\u00e3o sobre Bibliotecas e a Liberdade Intelectual de Crian\u00e7as e Jovens As bibliotecas fornecem uma ampla gama de servi\u00e7os para atender \u00e0s necessidades educacionais e recreativas de seus usu\u00e1rios. Usu\u00e1rios de bibliotecas de todas as idades t\u00eam seus pr\u00f3prios conjuntos \u00fanicos de valores, n\u00edveis de maturidade e habilidades cognitivas. As bibliotecas n\u00e3o fazem suposi\u00e7\u00f5es ou<\/p><\/div>\n<div class=\"blog-btn\"><a href=\"https:\/\/www.pedroandretta.info\/index\/2024\/11\/declaracao-sobre-bibliotecas-e-a-liberdade-intelectual-de-criancas-e-jovens-federacao-canadense-de-associacoes-de-bibliotecas\/\" class=\"home-blog-btn\">Ler mais<\/a><\/p>\n","protected":false},"author":1,"featured_media":0,"comment_status":"open","ping_status":"open","sticky":false,"template":"","format":"standard","meta":{"_jetpack_newsletter_access":"","_jetpack_dont_email_post_to_subs":false,"_jetpack_newsletter_tier_id":0,"_jetpack_memberships_contains_paywalled_content":false,"_jetpack_feature_clip_id":0,"_jetpack_memberships_contains_paid_content":false,"footnotes":"","jetpack_publicize_message":"","jetpack_publicize_feature_enabled":true,"jetpack_social_post_already_shared":true,"jetpack_social_options":{"image_generator_settings":{"template":"highway","default_image_id":0,"font":"","enabled":false},"version":2},"jetpack_post_was_ever_published":false},"categories":[21],"tags":[38,147,524,418,1162],"class_list":["post-27728","post","type-post","status-publish","format-standard","hentry","category-informeci","tag-bibliotecas","tag-criancas","tag-jovens","tag-leitores","tag-liberdadeintelectual"],"jetpack_publicize_connections":[],"jetpack_featured_media_url":"","views":"","jetpack_sharing_enabled":true,"_links":{"self":[{"href":"https:\/\/www.pedroandretta.info\/index\/wp-json\/wp\/v2\/posts\/27728","targetHints":{"allow":["GET"]}}],"collection":[{"href":"https:\/\/www.pedroandretta.info\/index\/wp-json\/wp\/v2\/posts"}],"about":[{"href":"https:\/\/www.pedroandretta.info\/index\/wp-json\/wp\/v2\/types\/post"}],"author":[{"embeddable":true,"href":"https:\/\/www.pedroandretta.info\/index\/wp-json\/wp\/v2\/users\/1"}],"replies":[{"embeddable":true,"href":"https:\/\/www.pedroandretta.info\/index\/wp-json\/wp\/v2\/comments?post=27728"}],"version-history":[{"count":0,"href":"https:\/\/www.pedroandretta.info\/index\/wp-json\/wp\/v2\/posts\/27728\/revisions"}],"wp:attachment":[{"href":"https:\/\/www.pedroandretta.info\/index\/wp-json\/wp\/v2\/media?parent=27728"}],"wp:term":[{"taxonomy":"category","embeddable":true,"href":"https:\/\/www.pedroandretta.info\/index\/wp-json\/wp\/v2\/categories?post=27728"},{"taxonomy":"post_tag","embeddable":true,"href":"https:\/\/www.pedroandretta.info\/index\/wp-json\/wp\/v2\/tags?post=27728"}],"curies":[{"name":"wp","href":"https:\/\/api.w.org\/{rel}","templated":true}]}}