{"id":27835,"date":"2024-11-15T11:18:23","date_gmt":"2024-11-15T15:18:23","guid":{"rendered":"https:\/\/www.pedroandretta.info\/index\/?p=27835"},"modified":"2024-11-15T11:18:28","modified_gmt":"2024-11-15T15:18:28","slug":"em-defesa-dos-repositorios-coar","status":"publish","type":"post","link":"https:\/\/www.pedroandretta.info\/index\/2024\/11\/em-defesa-dos-repositorios-coar\/","title":{"rendered":"Em defesa dos reposit\u00f3rios \/ COAR"},"content":{"rendered":"\n<p><strong>Em defesa dos reposit\u00f3rios<\/strong><\/p>\n\n\n\n<p>O futuro da comunica\u00e7\u00e3o acad\u00eamica ser\u00e1 muito diferente do atual. Ser\u00e1 sobre dar suporte \u00e0 evolu\u00e7\u00e3o cont\u00ednua do conhecimento em um ecossistema globalmente interconectado; sobre documentar o registro de vers\u00f5es (n\u00e3o a vers\u00e3o do registro); e sobre dar suporte \u00e0 diversidade de idiomas, resultados de pesquisa e formatos al\u00e9m do &#8216;pdf&#8217; para alimentar avan\u00e7os cient\u00edficos. Os reposit\u00f3rios est\u00e3o prontos para desempenhar um papel fundamental neste futuro emocionante, e o COAR, juntamente com nossos membros e parceiros, ajudar\u00e1 a liderar o caminho para a comunidade global de reposit\u00f3rios.<\/p>\n\n\n\n<p>via COAR<\/p>\n\n\n\n<p>#Reposit\u00f3rios<\/p>\n\n\n\n<p>Dispon\u00edvel em: <a href=\"https:\/\/coar-repositories.org\/news-updates\/in-defense-of-repositories\/\">https:\/\/coar-repositories.org\/news-updates\/in-defense-of-repositories\/<\/a><\/p>\n\n\n\n<figure class=\"wp-block-image size-large\"><img data-recalc-dims=\"1\" decoding=\"async\" width=\"600\" height=\"444\" src=\"https:\/\/i0.wp.com\/www.pedroandretta.info\/index\/wp-content\/uploads\/2024\/11\/image-48.png?resize=600%2C444&#038;ssl=1\" alt=\"\" class=\"wp-image-27836\" srcset=\"https:\/\/i0.wp.com\/www.pedroandretta.info\/index\/wp-content\/uploads\/2024\/11\/image-48.png?resize=600%2C444&amp;ssl=1 600w, https:\/\/i0.wp.com\/www.pedroandretta.info\/index\/wp-content\/uploads\/2024\/11\/image-48.png?resize=300%2C222&amp;ssl=1 300w, https:\/\/i0.wp.com\/www.pedroandretta.info\/index\/wp-content\/uploads\/2024\/11\/image-48.png?resize=768%2C568&amp;ssl=1 768w, https:\/\/i0.wp.com\/www.pedroandretta.info\/index\/wp-content\/uploads\/2024\/11\/image-48.png?w=958&amp;ssl=1 958w\" sizes=\"(max-width: 600px) 100vw, 600px\" \/><\/figure>\n","protected":false},"excerpt":{"rendered":"<p>Em defesa dos reposit\u00f3rios O futuro da comunica\u00e7\u00e3o acad\u00eamica ser\u00e1 muito diferente do atual. Ser\u00e1 sobre dar suporte \u00e0 evolu\u00e7\u00e3o cont\u00ednua do conhecimento em um ecossistema globalmente interconectado; sobre documentar o registro de vers\u00f5es (n\u00e3o a vers\u00e3o do registro); e sobre dar suporte \u00e0 diversidade de idiomas, resultados de pesquisa e formatos al\u00e9m do &#8216;pdf&#8217;<\/p><\/div>\n<div class=\"blog-btn\"><a href=\"https:\/\/www.pedroandretta.info\/index\/2024\/11\/em-defesa-dos-repositorios-coar\/\" class=\"home-blog-btn\">Ler mais<\/a><\/p>\n","protected":false},"author":1,"featured_media":0,"comment_status":"open","ping_status":"open","sticky":false,"template":"","format":"standard","meta":{"_jetpack_newsletter_access":"","_jetpack_dont_email_post_to_subs":false,"_jetpack_newsletter_tier_id":0,"_jetpack_memberships_contains_paywalled_content":false,"_jetpack_feature_clip_id":0,"_jetpack_memberships_contains_paid_content":false,"footnotes":"","jetpack_publicize_message":"","jetpack_publicize_feature_enabled":true,"jetpack_social_post_already_shared":true,"jetpack_social_options":{"image_generator_settings":{"template":"highway","default_image_id":0,"font":"","enabled":false},"version":2},"jetpack_post_was_ever_published":false},"categories":[21],"tags":[244],"class_list":["post-27835","post","type-post","status-publish","format-standard","hentry","category-informeci","tag-repositorios"],"jetpack_publicize_connections":[],"jetpack_featured_media_url":"","views":"","jetpack_sharing_enabled":true,"_links":{"self":[{"href":"https:\/\/www.pedroandretta.info\/index\/wp-json\/wp\/v2\/posts\/27835","targetHints":{"allow":["GET"]}}],"collection":[{"href":"https:\/\/www.pedroandretta.info\/index\/wp-json\/wp\/v2\/posts"}],"about":[{"href":"https:\/\/www.pedroandretta.info\/index\/wp-json\/wp\/v2\/types\/post"}],"author":[{"embeddable":true,"href":"https:\/\/www.pedroandretta.info\/index\/wp-json\/wp\/v2\/users\/1"}],"replies":[{"embeddable":true,"href":"https:\/\/www.pedroandretta.info\/index\/wp-json\/wp\/v2\/comments?post=27835"}],"version-history":[{"count":0,"href":"https:\/\/www.pedroandretta.info\/index\/wp-json\/wp\/v2\/posts\/27835\/revisions"}],"wp:attachment":[{"href":"https:\/\/www.pedroandretta.info\/index\/wp-json\/wp\/v2\/media?parent=27835"}],"wp:term":[{"taxonomy":"category","embeddable":true,"href":"https:\/\/www.pedroandretta.info\/index\/wp-json\/wp\/v2\/categories?post=27835"},{"taxonomy":"post_tag","embeddable":true,"href":"https:\/\/www.pedroandretta.info\/index\/wp-json\/wp\/v2\/tags?post=27835"}],"curies":[{"name":"wp","href":"https:\/\/api.w.org\/{rel}","templated":true}]}}