{"id":27887,"date":"2024-11-19T11:58:31","date_gmt":"2024-11-19T15:58:31","guid":{"rendered":"https:\/\/www.pedroandretta.info\/index\/?p=27887"},"modified":"2024-11-19T11:58:52","modified_gmt":"2024-11-19T15:58:52","slug":"educacao-superior-responsabilidade-de-quem-abc","status":"publish","type":"post","link":"https:\/\/www.pedroandretta.info\/index\/2024\/11\/educacao-superior-responsabilidade-de-quem-abc\/","title":{"rendered":"Educa\u00e7\u00e3o superior: responsabilidade de quem? \/ ABC"},"content":{"rendered":"\n<p><strong>Educa\u00e7\u00e3o superior: responsabilidade de quem?<\/strong><\/p>\n\n\n\n<p>O artigo 205 da Constitui\u00e7\u00e3o afirma que a educa\u00e7\u00e3o \u00e9 \u201cdireito de todos e dever do Estado e da fam\u00edlia\u201d, devendo ser \u201cpromovida e incentivada com a colabora\u00e7\u00e3o da sociedade\u201d. Nesse contexto, quando analisamos dados gerais como o montante de recursos que aplicamos em educa\u00e7\u00e3o (o equivalente a 6% do PIB), o n\u00famero de professores que temos (2,5 milh\u00f5es, sendo 14% destes no ensino superior), o total de institui\u00e7\u00f5es de ensino superior com programas de p\u00f3s-gradua\u00e7\u00e3o (473), dentre outros, podemos inferir que o Brasil tem se esfor\u00e7ado para cumprir seu dever constitucional em educa\u00e7\u00e3o. Mas outros indicadores mostram que estamos falhando, em quantidade e qualidade, no processo de forma\u00e7\u00e3o de profissionais.<\/p>\n\n\n\n<p>via ABC \/ Estad\u00e3o<\/p>\n\n\n\n<p>#EnsinoSuperior<\/p>\n\n\n\n<p>Dispon\u00edvel em: <a href=\"http:\/\/www.abc.org.br\/2024\/11\/18\/educacao-superior-responsabilidade-de-quem\/\">http:\/\/www.abc.org.br\/2024\/11\/18\/educacao-superior-responsabilidade-de-quem\/<\/a><\/p>\n","protected":false},"excerpt":{"rendered":"<p>Educa\u00e7\u00e3o superior: responsabilidade de quem? O artigo 205 da Constitui\u00e7\u00e3o afirma que a educa\u00e7\u00e3o \u00e9 \u201cdireito de todos e dever do Estado e da fam\u00edlia\u201d, devendo ser \u201cpromovida e incentivada com a colabora\u00e7\u00e3o da sociedade\u201d. Nesse contexto, quando analisamos dados gerais como o montante de recursos que aplicamos em educa\u00e7\u00e3o (o equivalente a 6% do<\/p><\/div>\n<div class=\"blog-btn\"><a href=\"https:\/\/www.pedroandretta.info\/index\/2024\/11\/educacao-superior-responsabilidade-de-quem-abc\/\" class=\"home-blog-btn\">Ler mais<\/a><\/p>\n","protected":false},"author":1,"featured_media":0,"comment_status":"open","ping_status":"open","sticky":false,"template":"","format":"standard","meta":{"_jetpack_memberships_contains_paid_content":false,"footnotes":"","jetpack_publicize_message":"","jetpack_publicize_feature_enabled":true,"jetpack_social_post_already_shared":true,"jetpack_social_options":{"image_generator_settings":{"template":"highway","default_image_id":0,"font":"","enabled":false},"version":2}},"categories":[21],"tags":[888],"class_list":["post-27887","post","type-post","status-publish","format-standard","hentry","category-informeci","tag-ensinosuperior"],"jetpack_publicize_connections":[],"jetpack_featured_media_url":"","views":"","jetpack_sharing_enabled":true,"_links":{"self":[{"href":"https:\/\/www.pedroandretta.info\/index\/wp-json\/wp\/v2\/posts\/27887","targetHints":{"allow":["GET"]}}],"collection":[{"href":"https:\/\/www.pedroandretta.info\/index\/wp-json\/wp\/v2\/posts"}],"about":[{"href":"https:\/\/www.pedroandretta.info\/index\/wp-json\/wp\/v2\/types\/post"}],"author":[{"embeddable":true,"href":"https:\/\/www.pedroandretta.info\/index\/wp-json\/wp\/v2\/users\/1"}],"replies":[{"embeddable":true,"href":"https:\/\/www.pedroandretta.info\/index\/wp-json\/wp\/v2\/comments?post=27887"}],"version-history":[{"count":0,"href":"https:\/\/www.pedroandretta.info\/index\/wp-json\/wp\/v2\/posts\/27887\/revisions"}],"wp:attachment":[{"href":"https:\/\/www.pedroandretta.info\/index\/wp-json\/wp\/v2\/media?parent=27887"}],"wp:term":[{"taxonomy":"category","embeddable":true,"href":"https:\/\/www.pedroandretta.info\/index\/wp-json\/wp\/v2\/categories?post=27887"},{"taxonomy":"post_tag","embeddable":true,"href":"https:\/\/www.pedroandretta.info\/index\/wp-json\/wp\/v2\/tags?post=27887"}],"curies":[{"name":"wp","href":"https:\/\/api.w.org\/{rel}","templated":true}]}}