{"id":2790,"date":"2019-11-25T19:25:46","date_gmt":"2019-11-25T19:25:46","guid":{"rendered":"https:\/\/www.pedroandretta.info\/index\/?p=2790"},"modified":"2019-11-25T19:25:46","modified_gmt":"2019-11-25T19:25:46","slug":"formacao-de-colecoes-e-coisa-seria-as-bibliotecas-tem-a-responsabilidade-de-re","status":"publish","type":"post","link":"https:\/\/www.pedroandretta.info\/index\/2019\/11\/formacao-de-colecoes-e-coisa-seria-as-bibliotecas-tem-a-responsabilidade-de-re\/","title":{"rendered":"Forma\u00e7\u00e3o de cole\u00e7\u00f5es \u00e9 coisa s\u00e9ria! \u201cAs bibliotecas t\u00eam a responsabilidade de re&#8230;"},"content":{"rendered":"<p>[ad_1]<br \/>\n<img decoding=\"async\" src=\"https:\/\/i0.wp.com\/blogsmedia.lse.ac.uk\/blogs.dir\/18\/files\/2019\/06\/decolonize-library-academic-africa.jpg?fit=1200%2C675&#038;ssl=1&#038;w=640\"\/><\/p>\n<blockquote class=\"twitter-tweet\">\n<p lang=\"pt\" dir=\"ltr\">Forma\u00e7\u00e3o de cole\u00e7\u00f5es \u00e9 coisa s\u00e9ria! \u201cAs bibliotecas t\u00eam a responsabilidade de reconhecer que sua pr\u00e1tica n\u00e3o pode ser livre de valor e que suas cole\u00e7\u00f5es s\u00e3o tendenciosas pelas escolhas feitas pelos escritores, pelas editoras e, finalmente, por elas mesmas\u201d <a target=\"_blank\" href=\"https:\/\/t.co\/M3K0VHlgcl\" rel=\"noopener noreferrer\">https:\/\/t.co\/M3K0VHlgcl<\/a><\/p>\n<p>&mdash; Pedro Andretta (@andretta_pedro) <a target=\"_blank\" href=\"https:\/\/twitter.com\/andretta_pedro\/status\/1199046536254152704?ref_src=twsrc%5Etfw\" rel=\"noopener noreferrer\">November 25, 2019<\/a><\/p><\/blockquote>\n<p><script async src=\"https:\/\/platform.twitter.com\/widgets.js\" charset=\"utf-8\"><\/script><\/p>\n<p>[ad_2]<br \/>\n<br \/><a href=\"https:\/\/twitter.com\/andretta_pedro\/statuses\/1199046536254152704\">Source<\/a> by <a href=\"https:\/\/t.co\/MfIsGWjH1p\">Pedro Andretta<\/a><\/p>\n","protected":false},"excerpt":{"rendered":"<p>[ad_1] Forma\u00e7\u00e3o de cole\u00e7\u00f5es \u00e9 coisa s\u00e9ria! \u201cAs bibliotecas t\u00eam a responsabilidade de reconhecer que sua pr\u00e1tica n\u00e3o pode ser livre de valor e que suas cole\u00e7\u00f5es s\u00e3o tendenciosas pelas escolhas feitas pelos escritores, pelas editoras e, finalmente, por elas mesmas\u201d https:\/\/t.co\/M3K0VHlgcl &mdash; Pedro Andretta (@andretta_pedro) November 25, 2019 [ad_2] Source by Pedro Andretta<\/p>\n","protected":false},"author":1,"featured_media":2791,"comment_status":"closed","ping_status":"open","sticky":false,"template":"","format":"standard","meta":{"_jetpack_memberships_contains_paid_content":false,"footnotes":"","jetpack_publicize_message":"","jetpack_publicize_feature_enabled":true,"jetpack_social_post_already_shared":false,"jetpack_social_options":{"image_generator_settings":{"template":"highway","default_image_id":0,"font":"","enabled":false},"version":2}},"categories":[21],"tags":[],"class_list":["post-2790","post","type-post","status-publish","format-standard","has-post-thumbnail","hentry","category-informeci"],"jetpack_publicize_connections":[],"jetpack_featured_media_url":"https:\/\/i0.wp.com\/www.pedroandretta.info\/index\/wp-content\/uploads\/2019\/12\/decolonize-library-academic-africa.jpg?fit=640%2C360&ssl=1","views":"","jetpack_sharing_enabled":true,"_links":{"self":[{"href":"https:\/\/www.pedroandretta.info\/index\/wp-json\/wp\/v2\/posts\/2790","targetHints":{"allow":["GET"]}}],"collection":[{"href":"https:\/\/www.pedroandretta.info\/index\/wp-json\/wp\/v2\/posts"}],"about":[{"href":"https:\/\/www.pedroandretta.info\/index\/wp-json\/wp\/v2\/types\/post"}],"author":[{"embeddable":true,"href":"https:\/\/www.pedroandretta.info\/index\/wp-json\/wp\/v2\/users\/1"}],"replies":[{"embeddable":true,"href":"https:\/\/www.pedroandretta.info\/index\/wp-json\/wp\/v2\/comments?post=2790"}],"version-history":[{"count":0,"href":"https:\/\/www.pedroandretta.info\/index\/wp-json\/wp\/v2\/posts\/2790\/revisions"}],"wp:featuredmedia":[{"embeddable":true,"href":"https:\/\/www.pedroandretta.info\/index\/wp-json\/wp\/v2\/media\/2791"}],"wp:attachment":[{"href":"https:\/\/www.pedroandretta.info\/index\/wp-json\/wp\/v2\/media?parent=2790"}],"wp:term":[{"taxonomy":"category","embeddable":true,"href":"https:\/\/www.pedroandretta.info\/index\/wp-json\/wp\/v2\/categories?post=2790"},{"taxonomy":"post_tag","embeddable":true,"href":"https:\/\/www.pedroandretta.info\/index\/wp-json\/wp\/v2\/tags?post=2790"}],"curies":[{"name":"wp","href":"https:\/\/api.w.org\/{rel}","templated":true}]}}