{"id":27912,"date":"2024-11-20T08:47:14","date_gmt":"2024-11-20T12:47:14","guid":{"rendered":"https:\/\/www.pedroandretta.info\/index\/?p=27912"},"modified":"2024-11-20T08:47:26","modified_gmt":"2024-11-20T12:47:26","slug":"colecao-palavra-chave-abecin","status":"publish","type":"post","link":"https:\/\/www.pedroandretta.info\/index\/2024\/11\/colecao-palavra-chave-abecin\/","title":{"rendered":"Cole\u00e7\u00e3o Palavra-Chave \/ Abecin"},"content":{"rendered":"\n<p><strong>Cole\u00e7\u00e3o Palavra-Chave<\/strong><\/p>\n\n\n\n<p>Estudantes e profissionais da Ci\u00eancia da Informa\u00e7\u00e3o, esta \u00e9 uma oportunidade imperd\u00edvel! A Associa\u00e7\u00e3o Brasileira na Ci\u00eancia da Informa\u00e7\u00e3o (ABECIN) disponibilizou 18 livros da Cole\u00e7\u00e3o Palavra-Chave, editada pela Editora Polis e pela Associa\u00e7\u00e3o Paulista de Bibliotec\u00e1rios (APB).<\/p>\n\n\n\n<p>via Abecin<\/p>\n\n\n\n<p>#LivrosCI #ABECIN<\/p>\n\n\n\n<p>Dispon\u00edvel em: <a href=\"https:\/\/abecin.org.br\/colecao-palavra-chave\/\">https:\/\/abecin.org.br\/colecao-palavra-chave\/<\/a><\/p>\n\n\n\n<figure class=\"wp-block-image size-large\"><img data-recalc-dims=\"1\" decoding=\"async\" width=\"562\" height=\"600\" src=\"https:\/\/i0.wp.com\/www.pedroandretta.info\/index\/wp-content\/uploads\/2024\/11\/image-66.png?resize=562%2C600&#038;ssl=1\" alt=\"\" class=\"wp-image-27913\" srcset=\"https:\/\/i0.wp.com\/www.pedroandretta.info\/index\/wp-content\/uploads\/2024\/11\/image-66.png?resize=562%2C600&amp;ssl=1 562w, https:\/\/i0.wp.com\/www.pedroandretta.info\/index\/wp-content\/uploads\/2024\/11\/image-66.png?resize=281%2C300&amp;ssl=1 281w, https:\/\/i0.wp.com\/www.pedroandretta.info\/index\/wp-content\/uploads\/2024\/11\/image-66.png?w=629&amp;ssl=1 629w\" sizes=\"(max-width: 562px) 100vw, 562px\" \/><\/figure>\n","protected":false},"excerpt":{"rendered":"<p>Cole\u00e7\u00e3o Palavra-Chave Estudantes e profissionais da Ci\u00eancia da Informa\u00e7\u00e3o, esta \u00e9 uma oportunidade imperd\u00edvel! A Associa\u00e7\u00e3o Brasileira na Ci\u00eancia da Informa\u00e7\u00e3o (ABECIN) disponibilizou 18 livros da Cole\u00e7\u00e3o Palavra-Chave, editada pela Editora Polis e pela Associa\u00e7\u00e3o Paulista de Bibliotec\u00e1rios (APB). via Abecin #LivrosCI #ABECIN Dispon\u00edvel em: https:\/\/abecin.org.br\/colecao-palavra-chave\/<\/p>\n","protected":false},"author":1,"featured_media":0,"comment_status":"open","ping_status":"open","sticky":false,"template":"","format":"standard","meta":{"_jetpack_memberships_contains_paid_content":false,"footnotes":"","jetpack_publicize_message":"","jetpack_publicize_feature_enabled":true,"jetpack_social_post_already_shared":true,"jetpack_social_options":{"image_generator_settings":{"template":"highway","default_image_id":0,"font":"","enabled":false},"version":2}},"categories":[21],"tags":[1377,1733],"class_list":["post-27912","post","type-post","status-publish","format-standard","hentry","category-informeci","tag-abecin","tag-livrosci"],"jetpack_publicize_connections":[],"jetpack_featured_media_url":"","views":"","jetpack_sharing_enabled":true,"_links":{"self":[{"href":"https:\/\/www.pedroandretta.info\/index\/wp-json\/wp\/v2\/posts\/27912","targetHints":{"allow":["GET"]}}],"collection":[{"href":"https:\/\/www.pedroandretta.info\/index\/wp-json\/wp\/v2\/posts"}],"about":[{"href":"https:\/\/www.pedroandretta.info\/index\/wp-json\/wp\/v2\/types\/post"}],"author":[{"embeddable":true,"href":"https:\/\/www.pedroandretta.info\/index\/wp-json\/wp\/v2\/users\/1"}],"replies":[{"embeddable":true,"href":"https:\/\/www.pedroandretta.info\/index\/wp-json\/wp\/v2\/comments?post=27912"}],"version-history":[{"count":0,"href":"https:\/\/www.pedroandretta.info\/index\/wp-json\/wp\/v2\/posts\/27912\/revisions"}],"wp:attachment":[{"href":"https:\/\/www.pedroandretta.info\/index\/wp-json\/wp\/v2\/media?parent=27912"}],"wp:term":[{"taxonomy":"category","embeddable":true,"href":"https:\/\/www.pedroandretta.info\/index\/wp-json\/wp\/v2\/categories?post=27912"},{"taxonomy":"post_tag","embeddable":true,"href":"https:\/\/www.pedroandretta.info\/index\/wp-json\/wp\/v2\/tags?post=27912"}],"curies":[{"name":"wp","href":"https:\/\/api.w.org\/{rel}","templated":true}]}}