{"id":2792,"date":"2019-11-26T04:16:20","date_gmt":"2019-11-26T04:16:20","guid":{"rendered":"https:\/\/www.pedroandretta.info\/index\/?p=2792"},"modified":"2019-11-26T04:16:20","modified_gmt":"2019-11-26T04:16:20","slug":"hoje-na-unir-tivemos-a-presenca-da-profa-dra-martha-suzana-cabral-nunes-abordand","status":"publish","type":"post","link":"https:\/\/www.pedroandretta.info\/index\/2019\/11\/hoje-na-unir-tivemos-a-presenca-da-profa-dra-martha-suzana-cabral-nunes-abordand\/","title":{"rendered":"Hoje na UNIR tivemos a presen\u00e7a da Profa Dra Martha Suzana Cabral Nunes abordand&#8230;"},"content":{"rendered":"<p>[ad_1]<\/p>\n<blockquote class=\"twitter-tweet\">\n<p lang=\"pt\" dir=\"ltr\">Hoje na UNIR tivemos a presen\u00e7a da Profa Dra Martha Suzana Cabral Nunes abordando a \u201cMedia\u00e7\u00e3o da Informa\u00e7\u00e3o em <a target=\"_blank\" href=\"https:\/\/twitter.com\/hashtag\/Bibliotecas?src=hash&amp;ref_src=twsrc%5Etfw\" rel=\"noopener noreferrer\">#Bibliotecas<\/a> Universit\u00e1rias na Fran\u00e7a e no Brasil\u201d. Quem viu viu, quem n\u00e3o viu, mas gosta do tema, l\u00ea o link <a target=\"_blank\" href=\"https:\/\/t.co\/pDHwBTbrrN\" rel=\"noopener noreferrer\">https:\/\/t.co\/pDHwBTbrrN<\/a> <a target=\"_blank\" href=\"https:\/\/t.co\/R3Rlec23rk\" rel=\"noopener noreferrer\">pic.twitter.com\/R3Rlec23rk<\/a><\/p>\n<p>&mdash; Pedro Andretta (@andretta_pedro) <a target=\"_blank\" href=\"https:\/\/twitter.com\/andretta_pedro\/status\/1199180059359227904?ref_src=twsrc%5Etfw\" rel=\"noopener noreferrer\">November 26, 2019<\/a><\/p><\/blockquote>\n<p><script async src=\"https:\/\/platform.twitter.com\/widgets.js\" charset=\"utf-8\"><\/script><\/p>\n<p>[ad_2]<br \/>\n<br \/><a href=\"https:\/\/twitter.com\/andretta_pedro\/statuses\/1199180059359227904\">Source<\/a> by <a href=\"https:\/\/t.co\/MfIsGWjH1p\">Pedro Andretta<\/a><\/p>\n","protected":false},"excerpt":{"rendered":"<p>[ad_1] Hoje na UNIR tivemos a presen\u00e7a da Profa Dra Martha Suzana Cabral Nunes abordando a \u201cMedia\u00e7\u00e3o da Informa\u00e7\u00e3o em #Bibliotecas Universit\u00e1rias na Fran\u00e7a e no Brasil\u201d. Quem viu viu, quem n\u00e3o viu, mas gosta do tema, l\u00ea o link https:\/\/t.co\/pDHwBTbrrN pic.twitter.com\/R3Rlec23rk &mdash; Pedro Andretta (@andretta_pedro) November 26, 2019 [ad_2] Source by Pedro Andretta<\/p>\n","protected":false},"author":1,"featured_media":2793,"comment_status":"closed","ping_status":"open","sticky":false,"template":"","format":"standard","meta":{"_jetpack_memberships_contains_paid_content":false,"footnotes":"","jetpack_publicize_message":"","jetpack_publicize_feature_enabled":true,"jetpack_social_post_already_shared":false,"jetpack_social_options":{"image_generator_settings":{"template":"highway","default_image_id":0,"font":"","enabled":false},"version":2}},"categories":[21],"tags":[38],"class_list":["post-2792","post","type-post","status-publish","format-standard","has-post-thumbnail","hentry","category-informeci","tag-bibliotecas"],"jetpack_publicize_connections":[],"jetpack_featured_media_url":"https:\/\/i0.wp.com\/www.pedroandretta.info\/index\/wp-content\/uploads\/2019\/12\/EKRW9cxW4AARci-.jpg?fit=1200%2C900&ssl=1","views":"","jetpack_sharing_enabled":true,"_links":{"self":[{"href":"https:\/\/www.pedroandretta.info\/index\/wp-json\/wp\/v2\/posts\/2792","targetHints":{"allow":["GET"]}}],"collection":[{"href":"https:\/\/www.pedroandretta.info\/index\/wp-json\/wp\/v2\/posts"}],"about":[{"href":"https:\/\/www.pedroandretta.info\/index\/wp-json\/wp\/v2\/types\/post"}],"author":[{"embeddable":true,"href":"https:\/\/www.pedroandretta.info\/index\/wp-json\/wp\/v2\/users\/1"}],"replies":[{"embeddable":true,"href":"https:\/\/www.pedroandretta.info\/index\/wp-json\/wp\/v2\/comments?post=2792"}],"version-history":[{"count":0,"href":"https:\/\/www.pedroandretta.info\/index\/wp-json\/wp\/v2\/posts\/2792\/revisions"}],"wp:featuredmedia":[{"embeddable":true,"href":"https:\/\/www.pedroandretta.info\/index\/wp-json\/wp\/v2\/media\/2793"}],"wp:attachment":[{"href":"https:\/\/www.pedroandretta.info\/index\/wp-json\/wp\/v2\/media?parent=2792"}],"wp:term":[{"taxonomy":"category","embeddable":true,"href":"https:\/\/www.pedroandretta.info\/index\/wp-json\/wp\/v2\/categories?post=2792"},{"taxonomy":"post_tag","embeddable":true,"href":"https:\/\/www.pedroandretta.info\/index\/wp-json\/wp\/v2\/tags?post=2792"}],"curies":[{"name":"wp","href":"https:\/\/api.w.org\/{rel}","templated":true}]}}