{"id":2799,"date":"2019-11-20T19:19:32","date_gmt":"2019-11-20T19:19:32","guid":{"rendered":"https:\/\/www.pedroandretta.info\/index\/?p=2799"},"modified":"2019-11-20T19:19:32","modified_gmt":"2019-11-20T19:19:32","slug":"esta-precisando-de-algumas-ideias-de-programacao-projetos-para-promover-o-sent","status":"publish","type":"post","link":"https:\/\/www.pedroandretta.info\/index\/2019\/11\/esta-precisando-de-algumas-ideias-de-programacao-projetos-para-promover-o-sent\/","title":{"rendered":"Est\u00e1 precisando de algumas ideias de programa\u00e7\u00e3o \/ projetos para promover o sent&#8230;"},"content":{"rendered":"<p>[ad_1]<br \/>\n<img data-recalc-dims=\"1\" decoding=\"async\" src=\"https:\/\/i0.wp.com\/www.programminglibrarian.org\/sites\/default\/files\/thumbnail_89.jpg?w=696\"\/><\/p>\n<blockquote class=\"twitter-tweet\">\n<p lang=\"pt\" dir=\"ltr\">Est\u00e1 precisando de algumas ideias de programa\u00e7\u00e3o \/ projetos para promover o sentido de comunidade na sua <a target=\"_blank\" href=\"https:\/\/twitter.com\/hashtag\/bibliotecaescolar?src=hash&amp;ref_src=twsrc%5Etfw\" rel=\"noopener noreferrer\">#bibliotecaescolar<\/a> ? Leia este post \u201cWe&#39;re All In This Together: Building Community in a School Library\u201d |  via Programming Librarian <a target=\"_blank\" href=\"https:\/\/t.co\/Q5xcYQWHGM\" rel=\"noopener noreferrer\">https:\/\/t.co\/Q5xcYQWHGM<\/a><\/p>\n<p>&mdash; Pedro Andretta (@andretta_pedro) <a target=\"_blank\" href=\"https:\/\/twitter.com\/andretta_pedro\/status\/1197233031788027905?ref_src=twsrc%5Etfw\" rel=\"noopener noreferrer\">November 20, 2019<\/a><\/p><\/blockquote>\n<p><script async src=\"https:\/\/platform.twitter.com\/widgets.js\" charset=\"utf-8\"><\/script><\/p>\n<p>[ad_2]<br \/>\n<br \/><a href=\"https:\/\/twitter.com\/andretta_pedro\/statuses\/1197233031788027905\">Source<\/a> by <a href=\"https:\/\/t.co\/MfIsGWjH1p\">Pedro Andretta<\/a><\/p>\n","protected":false},"excerpt":{"rendered":"<p>[ad_1] Est\u00e1 precisando de algumas ideias de programa\u00e7\u00e3o \/ projetos para promover o sentido de comunidade na sua #bibliotecaescolar ? Leia este post \u201cWe&#39;re All In This Together: Building Community in a School Library\u201d | via Programming Librarian https:\/\/t.co\/Q5xcYQWHGM &mdash; Pedro Andretta (@andretta_pedro) November 20, 2019 [ad_2] Source by Pedro Andretta<\/p>\n","protected":false},"author":1,"featured_media":2800,"comment_status":"closed","ping_status":"open","sticky":false,"template":"","format":"standard","meta":{"_jetpack_memberships_contains_paid_content":false,"footnotes":"","jetpack_publicize_message":"","jetpack_publicize_feature_enabled":true,"jetpack_social_post_already_shared":false,"jetpack_social_options":{"image_generator_settings":{"template":"highway","default_image_id":0,"font":"","enabled":false},"version":2}},"categories":[21],"tags":[79],"class_list":["post-2799","post","type-post","status-publish","format-standard","has-post-thumbnail","hentry","category-informeci","tag-bibliotecasescolares"],"jetpack_publicize_connections":[],"jetpack_featured_media_url":"https:\/\/i0.wp.com\/www.pedroandretta.info\/index\/wp-content\/uploads\/2019\/12\/thumbnail_89.jpg?fit=220%2C125&ssl=1","views":"","jetpack_sharing_enabled":true,"_links":{"self":[{"href":"https:\/\/www.pedroandretta.info\/index\/wp-json\/wp\/v2\/posts\/2799","targetHints":{"allow":["GET"]}}],"collection":[{"href":"https:\/\/www.pedroandretta.info\/index\/wp-json\/wp\/v2\/posts"}],"about":[{"href":"https:\/\/www.pedroandretta.info\/index\/wp-json\/wp\/v2\/types\/post"}],"author":[{"embeddable":true,"href":"https:\/\/www.pedroandretta.info\/index\/wp-json\/wp\/v2\/users\/1"}],"replies":[{"embeddable":true,"href":"https:\/\/www.pedroandretta.info\/index\/wp-json\/wp\/v2\/comments?post=2799"}],"version-history":[{"count":0,"href":"https:\/\/www.pedroandretta.info\/index\/wp-json\/wp\/v2\/posts\/2799\/revisions"}],"wp:featuredmedia":[{"embeddable":true,"href":"https:\/\/www.pedroandretta.info\/index\/wp-json\/wp\/v2\/media\/2800"}],"wp:attachment":[{"href":"https:\/\/www.pedroandretta.info\/index\/wp-json\/wp\/v2\/media?parent=2799"}],"wp:term":[{"taxonomy":"category","embeddable":true,"href":"https:\/\/www.pedroandretta.info\/index\/wp-json\/wp\/v2\/categories?post=2799"},{"taxonomy":"post_tag","embeddable":true,"href":"https:\/\/www.pedroandretta.info\/index\/wp-json\/wp\/v2\/tags?post=2799"}],"curies":[{"name":"wp","href":"https:\/\/api.w.org\/{rel}","templated":true}]}}