{"id":2802,"date":"2019-11-21T00:57:35","date_gmt":"2019-11-21T00:57:35","guid":{"rendered":"https:\/\/www.pedroandretta.info\/index\/?p=2802"},"modified":"2019-11-21T00:57:35","modified_gmt":"2019-11-21T00:57:35","slug":"bibliografia-para-o-disciplina-do-ano-q-vem-a-revolucao-digital-trouxe-muitos-d","status":"publish","type":"post","link":"https:\/\/www.pedroandretta.info\/index\/2019\/11\/bibliografia-para-o-disciplina-do-ano-q-vem-a-revolucao-digital-trouxe-muitos-d\/","title":{"rendered":"Bibliografia para o disciplina do ano q vem \u201cA revolu\u00e7\u00e3o digital trouxe muitos d&#8230;"},"content":{"rendered":"<p>[ad_1]<br \/>\n<img decoding=\"async\" src=\"https:\/\/www.tandfonline.com\/doi\/cover-img\/10.1080\/10572317.2019.1669935\"\/><\/p>\n<blockquote class=\"twitter-tweet\">\n<p lang=\"pt\" dir=\"ltr\">Bibliografia para o disciplina do ano q vem \u201cA revolu\u00e7\u00e3o digital trouxe muitos desafios complexos e diferentes e, entre eles, a renova\u00e7\u00e3o do papel das bibliotecas e bibliotec\u00e1rios nos novos cen\u00e1rios de conhecimento e informa\u00e7\u00e3o criados pelo digital [&#8230;].\u201d <a target=\"_blank\" href=\"https:\/\/t.co\/hzJaz5ziP4\" rel=\"noopener noreferrer\">https:\/\/t.co\/hzJaz5ziP4<\/a><\/p>\n<p>&mdash; Pedro Andretta (@andretta_pedro) <a target=\"_blank\" href=\"https:\/\/twitter.com\/andretta_pedro\/status\/1197318104931536897?ref_src=twsrc%5Etfw\" rel=\"noopener noreferrer\">November 21, 2019<\/a><\/p><\/blockquote>\n<p><script async src=\"https:\/\/platform.twitter.com\/widgets.js\" charset=\"utf-8\"><\/script><\/p>\n<p>[ad_2]<br \/>\n<br \/><a href=\"https:\/\/twitter.com\/andretta_pedro\/statuses\/1197318104931536897\">Source<\/a> by <a href=\"https:\/\/t.co\/MfIsGWjH1p\">Pedro Andretta<\/a><\/p>\n","protected":false},"excerpt":{"rendered":"<p>[ad_1] Bibliografia para o disciplina do ano q vem \u201cA revolu\u00e7\u00e3o digital trouxe muitos desafios complexos e diferentes e, entre eles, a renova\u00e7\u00e3o do papel das bibliotecas e bibliotec\u00e1rios nos novos cen\u00e1rios de conhecimento e informa\u00e7\u00e3o criados pelo digital [&#8230;].\u201d https:\/\/t.co\/hzJaz5ziP4 &mdash; Pedro Andretta (@andretta_pedro) November 21, 2019 [ad_2] Source by Pedro Andretta<\/p>\n","protected":false},"author":1,"featured_media":2803,"comment_status":"closed","ping_status":"open","sticky":false,"template":"","format":"standard","meta":{"_jetpack_memberships_contains_paid_content":false,"footnotes":"","jetpack_publicize_message":"","jetpack_publicize_feature_enabled":true,"jetpack_social_post_already_shared":false,"jetpack_social_options":{"image_generator_settings":{"template":"highway","default_image_id":0,"font":"","enabled":false},"version":2}},"categories":[21],"tags":[],"class_list":["post-2802","post","type-post","status-publish","format-standard","has-post-thumbnail","hentry","category-informeci"],"jetpack_publicize_connections":[],"jetpack_featured_media_url":"https:\/\/www.pedroandretta.info\/index\/wp-content\/uploads\/2019\/12\/10572317.2019.1669935.jpeg; charset=UTF-8","views":"","jetpack_sharing_enabled":true,"_links":{"self":[{"href":"https:\/\/www.pedroandretta.info\/index\/wp-json\/wp\/v2\/posts\/2802","targetHints":{"allow":["GET"]}}],"collection":[{"href":"https:\/\/www.pedroandretta.info\/index\/wp-json\/wp\/v2\/posts"}],"about":[{"href":"https:\/\/www.pedroandretta.info\/index\/wp-json\/wp\/v2\/types\/post"}],"author":[{"embeddable":true,"href":"https:\/\/www.pedroandretta.info\/index\/wp-json\/wp\/v2\/users\/1"}],"replies":[{"embeddable":true,"href":"https:\/\/www.pedroandretta.info\/index\/wp-json\/wp\/v2\/comments?post=2802"}],"version-history":[{"count":0,"href":"https:\/\/www.pedroandretta.info\/index\/wp-json\/wp\/v2\/posts\/2802\/revisions"}],"wp:featuredmedia":[{"embeddable":true,"href":"https:\/\/www.pedroandretta.info\/index\/wp-json\/wp\/v2\/media\/2803"}],"wp:attachment":[{"href":"https:\/\/www.pedroandretta.info\/index\/wp-json\/wp\/v2\/media?parent=2802"}],"wp:term":[{"taxonomy":"category","embeddable":true,"href":"https:\/\/www.pedroandretta.info\/index\/wp-json\/wp\/v2\/categories?post=2802"},{"taxonomy":"post_tag","embeddable":true,"href":"https:\/\/www.pedroandretta.info\/index\/wp-json\/wp\/v2\/tags?post=2802"}],"curies":[{"name":"wp","href":"https:\/\/api.w.org\/{rel}","templated":true}]}}