{"id":28032,"date":"2024-11-29T01:52:00","date_gmt":"2024-11-29T05:52:00","guid":{"rendered":"https:\/\/www.pedroandretta.info\/index\/?p=28032"},"modified":"2024-11-21T22:16:55","modified_gmt":"2024-11-22T02:16:55","slug":"a-fuga-do-twitter-x-e-a-longa-marcha-das-migracoes-digitais-hipermediaciones","status":"publish","type":"post","link":"https:\/\/www.pedroandretta.info\/index\/2024\/11\/a-fuga-do-twitter-x-e-a-longa-marcha-das-migracoes-digitais-hipermediaciones\/","title":{"rendered":"A fuga do Twitter\/X e a longa marcha das migra\u00e7\u00f5es digitais \/ Hipermediaciones"},"content":{"rendered":"\n<p><strong>A fuga do Twitter\/X e a longa marcha das migra\u00e7\u00f5es digitais<\/strong><\/p>\n\n\n\n<p>Este n\u00e3o \u00e9 o primeiro nem ser\u00e1 o \u00faltimo movimento de uma plataforma para outra. A evolu\u00e7\u00e3o do ecossistema medi\u00e1tico \u00e9 atravessada por constantes migra\u00e7\u00f5es entre dispositivos (do Walkman para o iPod), formatos (do WAV para o MP3), suportes (do cinema para a televis\u00e3o) e plataformas (do Twitter\/X para\u2026 Mastodon ? Threads ? Bluesky ? ). No caso de um ecossistema complexo, a pior coisa que podemos fazer \u00e9 reduzir esses deslocamentos a movimentos lineares de A > B ou pensar que ocorrem por uma \u00fanica causa . A perspectiva evolutiva dever\u00e1 ajudar-nos a compreender melhor estas din\u00e2micas da esfera medi\u00e1tica que, de tempos a tempos, nos obrigam a tomar decis\u00f5es.<\/p>\n\n\n\n<p>via Hipermediaciones<\/p>\n\n\n\n<p>Dispon\u00edvel em: <a href=\"https:\/\/hipermediaciones.com\/2024\/11\/17\/la-fuga-de-twitter-x-y-la-larga-marcha-de-las-migraciones-digitales\/\">https:\/\/hipermediaciones.com\/2024\/11\/17\/la-fuga-de-twitter-x-y-la-larga-marcha-de-las-migraciones-digitales\/<\/a><\/p>\n","protected":false},"excerpt":{"rendered":"<p>A fuga do Twitter\/X e a longa marcha das migra\u00e7\u00f5es digitais Este n\u00e3o \u00e9 o primeiro nem ser\u00e1 o \u00faltimo movimento de uma plataforma para outra. A evolu\u00e7\u00e3o do ecossistema medi\u00e1tico \u00e9 atravessada por constantes migra\u00e7\u00f5es entre dispositivos (do Walkman para o iPod), formatos (do WAV para o MP3), suportes (do cinema para a televis\u00e3o)<\/p><\/div>\n<div class=\"blog-btn\"><a href=\"https:\/\/www.pedroandretta.info\/index\/2024\/11\/a-fuga-do-twitter-x-e-a-longa-marcha-das-migracoes-digitais-hipermediaciones\/\" class=\"home-blog-btn\">Ler mais<\/a><\/p>\n","protected":false},"author":1,"featured_media":0,"comment_status":"open","ping_status":"open","sticky":false,"template":"","format":"standard","meta":{"_jetpack_memberships_contains_paid_content":false,"footnotes":"","jetpack_publicize_message":"","jetpack_publicize_feature_enabled":true,"jetpack_social_post_already_shared":true,"jetpack_social_options":{"image_generator_settings":{"template":"highway","default_image_id":0,"font":"","enabled":false},"version":2}},"categories":[21],"tags":[3286,794,3748,167],"class_list":["post-28032","post","type-post","status-publish","format-standard","hentry","category-informeci","tag-historiadasmidias","tag-midiassociais","tag-refugiadosdigitais","tag-twitter"],"jetpack_publicize_connections":[],"jetpack_featured_media_url":"","views":"","jetpack_sharing_enabled":true,"_links":{"self":[{"href":"https:\/\/www.pedroandretta.info\/index\/wp-json\/wp\/v2\/posts\/28032","targetHints":{"allow":["GET"]}}],"collection":[{"href":"https:\/\/www.pedroandretta.info\/index\/wp-json\/wp\/v2\/posts"}],"about":[{"href":"https:\/\/www.pedroandretta.info\/index\/wp-json\/wp\/v2\/types\/post"}],"author":[{"embeddable":true,"href":"https:\/\/www.pedroandretta.info\/index\/wp-json\/wp\/v2\/users\/1"}],"replies":[{"embeddable":true,"href":"https:\/\/www.pedroandretta.info\/index\/wp-json\/wp\/v2\/comments?post=28032"}],"version-history":[{"count":0,"href":"https:\/\/www.pedroandretta.info\/index\/wp-json\/wp\/v2\/posts\/28032\/revisions"}],"wp:attachment":[{"href":"https:\/\/www.pedroandretta.info\/index\/wp-json\/wp\/v2\/media?parent=28032"}],"wp:term":[{"taxonomy":"category","embeddable":true,"href":"https:\/\/www.pedroandretta.info\/index\/wp-json\/wp\/v2\/categories?post=28032"},{"taxonomy":"post_tag","embeddable":true,"href":"https:\/\/www.pedroandretta.info\/index\/wp-json\/wp\/v2\/tags?post=28032"}],"curies":[{"name":"wp","href":"https:\/\/api.w.org\/{rel}","templated":true}]}}