{"id":28043,"date":"2024-11-29T10:34:00","date_gmt":"2024-11-29T14:34:00","guid":{"rendered":"https:\/\/www.pedroandretta.info\/index\/?p=28043"},"modified":"2024-11-21T22:38:42","modified_gmt":"2024-11-22T02:38:42","slug":"da-formacao-a-pesquisa-uma-jornada-antirracista-em-biblioteconomia-e-ciencia-da-informacao-divulga-ci","status":"publish","type":"post","link":"https:\/\/www.pedroandretta.info\/index\/2024\/11\/da-formacao-a-pesquisa-uma-jornada-antirracista-em-biblioteconomia-e-ciencia-da-informacao-divulga-ci\/","title":{"rendered":"Da forma\u00e7\u00e3o \u00e0 pesquisa: uma jornada antirracista em Biblioteconomia e Ci\u00eancia da Informa\u00e7\u00e3o \/ Divulga-CI"},"content":{"rendered":"\n<p><strong>Da forma\u00e7\u00e3o \u00e0 pesquisa: uma jornada antirracista em Biblioteconomia e Ci\u00eancia da Informa\u00e7\u00e3o<\/strong><\/p>\n\n\n\n<p>\u201cMinha dedica\u00e7\u00e3o segue no sentido de incluir o debate sobre quest\u00f5es raciais na forma\u00e7\u00e3o de estudantes de Biblioteconomia, Gest\u00e3o e Ci\u00eancia da Informa\u00e7\u00e3o, tanto na gradua\u00e7\u00e3o quanto na p\u00f3s-gradua\u00e7\u00e3o, com o prop\u00f3sito de contribuir para uma sociedade mais justa e igualit\u00e1ria.\u201d afirma o professor e pesquisador Dr. Erinaldo Dias Val\u00e9rio, da Universidade Federal de Pernambuco.<\/p>\n\n\n\n<p>via Divulga-CI<\/p>\n\n\n\n<p>#BiblioteconomiaNegra #Educa\u00e7\u00e3oAntirracista<\/p>\n\n\n\n<p>Dispon\u00edvel em: <a href=\"https:\/\/www.divulgaci.labci.online\/v-2-n-11-nov-2024\/da-formacao-a-pesquisa-uma-jornada-antirracista-em-biblioteconomia-e-ciencia-da-informacao-por-erinaldo-dias-valerio\/\">https:\/\/www.divulgaci.labci.online\/v-2-n-11-nov-2024\/da-formacao-a-pesquisa-uma-jornada-antirracista-em-biblioteconomia-e-ciencia-da-informacao-por-erinaldo-dias-valerio\/<\/a><\/p>\n\n\n\n<figure class=\"wp-block-image size-large\"><img data-recalc-dims=\"1\" decoding=\"async\" width=\"424\" height=\"600\" src=\"https:\/\/i0.wp.com\/www.pedroandretta.info\/index\/wp-content\/uploads\/2024\/11\/image-97.png?resize=424%2C600&#038;ssl=1\" alt=\"\" class=\"wp-image-28044\" srcset=\"https:\/\/i0.wp.com\/www.pedroandretta.info\/index\/wp-content\/uploads\/2024\/11\/image-97.png?resize=424%2C600&amp;ssl=1 424w, https:\/\/i0.wp.com\/www.pedroandretta.info\/index\/wp-content\/uploads\/2024\/11\/image-97.png?resize=212%2C300&amp;ssl=1 212w, https:\/\/i0.wp.com\/www.pedroandretta.info\/index\/wp-content\/uploads\/2024\/11\/image-97.png?w=428&amp;ssl=1 428w\" sizes=\"(max-width: 424px) 100vw, 424px\" \/><\/figure>\n","protected":false},"excerpt":{"rendered":"<p>Da forma\u00e7\u00e3o \u00e0 pesquisa: uma jornada antirracista em Biblioteconomia e Ci\u00eancia da Informa\u00e7\u00e3o \u201cMinha dedica\u00e7\u00e3o segue no sentido de incluir o debate sobre quest\u00f5es raciais na forma\u00e7\u00e3o de estudantes de Biblioteconomia, Gest\u00e3o e Ci\u00eancia da Informa\u00e7\u00e3o, tanto na gradua\u00e7\u00e3o quanto na p\u00f3s-gradua\u00e7\u00e3o, com o prop\u00f3sito de contribuir para uma sociedade mais justa e igualit\u00e1ria.\u201d afirma<\/p><\/div>\n<div class=\"blog-btn\"><a href=\"https:\/\/www.pedroandretta.info\/index\/2024\/11\/da-formacao-a-pesquisa-uma-jornada-antirracista-em-biblioteconomia-e-ciencia-da-informacao-divulga-ci\/\" class=\"home-blog-btn\">Ler mais<\/a><\/p>\n","protected":false},"author":1,"featured_media":0,"comment_status":"open","ping_status":"open","sticky":false,"template":"","format":"standard","meta":{"_jetpack_memberships_contains_paid_content":false,"footnotes":"","jetpack_publicize_message":"","jetpack_publicize_feature_enabled":true,"jetpack_social_post_already_shared":true,"jetpack_social_options":{"image_generator_settings":{"template":"highway","default_image_id":0,"font":"","enabled":false},"version":2}},"categories":[21],"tags":[900,1635],"class_list":["post-28043","post","type-post","status-publish","format-standard","hentry","category-informeci","tag-biblioteconomianegra","tag-educacaoantirracista"],"jetpack_publicize_connections":[],"jetpack_featured_media_url":"","views":"","jetpack_sharing_enabled":true,"_links":{"self":[{"href":"https:\/\/www.pedroandretta.info\/index\/wp-json\/wp\/v2\/posts\/28043","targetHints":{"allow":["GET"]}}],"collection":[{"href":"https:\/\/www.pedroandretta.info\/index\/wp-json\/wp\/v2\/posts"}],"about":[{"href":"https:\/\/www.pedroandretta.info\/index\/wp-json\/wp\/v2\/types\/post"}],"author":[{"embeddable":true,"href":"https:\/\/www.pedroandretta.info\/index\/wp-json\/wp\/v2\/users\/1"}],"replies":[{"embeddable":true,"href":"https:\/\/www.pedroandretta.info\/index\/wp-json\/wp\/v2\/comments?post=28043"}],"version-history":[{"count":0,"href":"https:\/\/www.pedroandretta.info\/index\/wp-json\/wp\/v2\/posts\/28043\/revisions"}],"wp:attachment":[{"href":"https:\/\/www.pedroandretta.info\/index\/wp-json\/wp\/v2\/media?parent=28043"}],"wp:term":[{"taxonomy":"category","embeddable":true,"href":"https:\/\/www.pedroandretta.info\/index\/wp-json\/wp\/v2\/categories?post=28043"},{"taxonomy":"post_tag","embeddable":true,"href":"https:\/\/www.pedroandretta.info\/index\/wp-json\/wp\/v2\/tags?post=28043"}],"curies":[{"name":"wp","href":"https:\/\/api.w.org\/{rel}","templated":true}]}}