{"id":28048,"date":"2024-11-30T03:54:00","date_gmt":"2024-11-30T07:54:00","guid":{"rendered":"https:\/\/www.pedroandretta.info\/index\/?p=28048"},"modified":"2024-11-21T22:56:27","modified_gmt":"2024-11-22T02:56:27","slug":"falta-de-leitura-em-voz-alta-na-sala-de-aula-causa-prejuizos-na-alfabetizacao-jornal-da-usp","status":"publish","type":"post","link":"https:\/\/www.pedroandretta.info\/index\/2024\/11\/falta-de-leitura-em-voz-alta-na-sala-de-aula-causa-prejuizos-na-alfabetizacao-jornal-da-usp\/","title":{"rendered":"Falta de leitura em voz alta na sala de aula causa preju\u00edzos na alfabetiza\u00e7\u00e3o \/ Jornal da USP"},"content":{"rendered":"\n<p><strong>Falta de leitura em voz alta na sala de aula causa preju\u00edzos na alfabetiza\u00e7\u00e3o<\/strong><\/p>\n\n\n\n<p>Dados recentes do Inep (Instituto Nacional de Estudos e Pesquisas Educacionais An\u00edsio Teixeira) mostram que, em 2019, 54,8% das crian\u00e7as avaliadas a partir de provas do Saeb (Sistema de Avalia\u00e7\u00e3o da Educa\u00e7\u00e3o B\u00e1sica) foram consideradas alfabetizadas. Dois anos depois, esse porcentual foi para 49,4%. Metade dos alunos brasileiros, na faixa dos 7 anos, n\u00e3o consegue ler nem escrever de uma forma minimamente adequada. A alfabetiza\u00e7\u00e3o \u00e9 um dos principais fatores que contribuem para o d\u00e9ficit na leitura infantil.<\/p>\n\n\n\n<p>via Jornal da USP<\/p>\n\n\n\n<p>#Alfabetiza\u00e7\u00e3o #Leitua<\/p>\n\n\n\n<p>Dispon\u00edvel em: <a href=\"https:\/\/jornal.usp.br\/atualidades\/falta-de-leitura-em-voz-alta-na-sala-de-aula-causa-prejuizos-na-alfabetizacao\/\">https:\/\/jornal.usp.br\/atualidades\/falta-de-leitura-em-voz-alta-na-sala-de-aula-causa-prejuizos-na-alfabetizacao\/<\/a><\/p>\n","protected":false},"excerpt":{"rendered":"<p>Falta de leitura em voz alta na sala de aula causa preju\u00edzos na alfabetiza\u00e7\u00e3o Dados recentes do Inep (Instituto Nacional de Estudos e Pesquisas Educacionais An\u00edsio Teixeira) mostram que, em 2019, 54,8% das crian\u00e7as avaliadas a partir de provas do Saeb (Sistema de Avalia\u00e7\u00e3o da Educa\u00e7\u00e3o B\u00e1sica) foram consideradas alfabetizadas. Dois anos depois, esse porcentual<\/p><\/div>\n<div class=\"blog-btn\"><a href=\"https:\/\/www.pedroandretta.info\/index\/2024\/11\/falta-de-leitura-em-voz-alta-na-sala-de-aula-causa-prejuizos-na-alfabetizacao-jornal-da-usp\/\" class=\"home-blog-btn\">Ler mais<\/a><\/p>\n","protected":false},"author":1,"featured_media":0,"comment_status":"open","ping_status":"open","sticky":false,"template":"","format":"standard","meta":{"_jetpack_memberships_contains_paid_content":false,"footnotes":"","jetpack_publicize_message":"","jetpack_publicize_feature_enabled":true,"jetpack_social_post_already_shared":true,"jetpack_social_options":{"image_generator_settings":{"template":"highway","default_image_id":0,"font":"","enabled":false},"version":2}},"categories":[21],"tags":[436,157],"class_list":["post-28048","post","type-post","status-publish","format-standard","hentry","category-informeci","tag-alfabetizacao","tag-leitura"],"jetpack_publicize_connections":[],"jetpack_featured_media_url":"","views":"","jetpack_sharing_enabled":true,"_links":{"self":[{"href":"https:\/\/www.pedroandretta.info\/index\/wp-json\/wp\/v2\/posts\/28048","targetHints":{"allow":["GET"]}}],"collection":[{"href":"https:\/\/www.pedroandretta.info\/index\/wp-json\/wp\/v2\/posts"}],"about":[{"href":"https:\/\/www.pedroandretta.info\/index\/wp-json\/wp\/v2\/types\/post"}],"author":[{"embeddable":true,"href":"https:\/\/www.pedroandretta.info\/index\/wp-json\/wp\/v2\/users\/1"}],"replies":[{"embeddable":true,"href":"https:\/\/www.pedroandretta.info\/index\/wp-json\/wp\/v2\/comments?post=28048"}],"version-history":[{"count":0,"href":"https:\/\/www.pedroandretta.info\/index\/wp-json\/wp\/v2\/posts\/28048\/revisions"}],"wp:attachment":[{"href":"https:\/\/www.pedroandretta.info\/index\/wp-json\/wp\/v2\/media?parent=28048"}],"wp:term":[{"taxonomy":"category","embeddable":true,"href":"https:\/\/www.pedroandretta.info\/index\/wp-json\/wp\/v2\/categories?post=28048"},{"taxonomy":"post_tag","embeddable":true,"href":"https:\/\/www.pedroandretta.info\/index\/wp-json\/wp\/v2\/tags?post=28048"}],"curies":[{"name":"wp","href":"https:\/\/api.w.org\/{rel}","templated":true}]}}