{"id":28068,"date":"2024-12-01T00:58:40","date_gmt":"2024-12-01T04:58:40","guid":{"rendered":"https:\/\/www.pedroandretta.info\/index\/?p=28068"},"modified":"2024-11-22T01:03:15","modified_gmt":"2024-11-22T05:03:15","slug":"biblioteca-publica-e-democracia-cultural-rca","status":"publish","type":"post","link":"https:\/\/www.pedroandretta.info\/index\/2024\/12\/biblioteca-publica-e-democracia-cultural-rca\/","title":{"rendered":"Biblioteca p\u00fablica e democracia cultural \/ RCA"},"content":{"rendered":"\n<p><strong>Biblioteca p\u00fablica e democracia cultural<\/strong><\/p>\n\n\n\n<p>Das 256 bibliotecas p\u00fablicas das capitais brasileiras identificadas, somente 27 responderam ao question\u00e1rio, indicando baixo \u00edndice de atendimento \u00e0s pessoas em situa\u00e7\u00e3o de rua e de realiza\u00e7\u00e3o de pr\u00e1ticas culturais a este grupo. Algumas raz\u00f5es alegadas permitem constatar, ainda preliminarmente, que a concep\u00e7\u00e3o de biblioteca p\u00fablica mant\u00e9m-se fixada em par\u00e2metros que excluem perfis que n\u00e3o se enquadrem a modelos de p\u00fablicos tidos como tradicionais, confirmando hip\u00f3teses que est\u00e3o na base da pesquisa.<\/p>\n\n\n\n<p>#DemocraciaCultural #BibliotecasP\u00fablicas #PessoasEmSitua\u00e7\u00e3oDeRua #Biblioeduca\u00e7\u00e3o<\/p>\n\n\n\n<p>Dispon\u00edvel em: <a href=\"https:\/\/revistas.ufrj.br\/index.php\/rca\/article\/view\/66217\">https:\/\/revistas.ufrj.br\/index.php\/rca\/article\/view\/66217<\/a><\/p>\n\n\n\n<figure class=\"wp-block-image size-full\"><img data-recalc-dims=\"1\" decoding=\"async\" width=\"407\" height=\"576\" src=\"https:\/\/i0.wp.com\/www.pedroandretta.info\/index\/wp-content\/uploads\/2024\/11\/image-102.png?resize=407%2C576&#038;ssl=1\" alt=\"\" class=\"wp-image-28069\" srcset=\"https:\/\/i0.wp.com\/www.pedroandretta.info\/index\/wp-content\/uploads\/2024\/11\/image-102.png?w=407&amp;ssl=1 407w, https:\/\/i0.wp.com\/www.pedroandretta.info\/index\/wp-content\/uploads\/2024\/11\/image-102.png?resize=212%2C300&amp;ssl=1 212w\" sizes=\"(max-width: 407px) 100vw, 407px\" \/><\/figure>\n","protected":false},"excerpt":{"rendered":"<p>Biblioteca p\u00fablica e democracia cultural Das 256 bibliotecas p\u00fablicas das capitais brasileiras identificadas, somente 27 responderam ao question\u00e1rio, indicando baixo \u00edndice de atendimento \u00e0s pessoas em situa\u00e7\u00e3o de rua e de realiza\u00e7\u00e3o de pr\u00e1ticas culturais a este grupo. Algumas raz\u00f5es alegadas permitem constatar, ainda preliminarmente, que a concep\u00e7\u00e3o de biblioteca p\u00fablica mant\u00e9m-se fixada em par\u00e2metros<\/p><\/div>\n<div class=\"blog-btn\"><a href=\"https:\/\/www.pedroandretta.info\/index\/2024\/12\/biblioteca-publica-e-democracia-cultural-rca\/\" class=\"home-blog-btn\">Ler mais<\/a><\/p>\n","protected":false},"author":1,"featured_media":0,"comment_status":"open","ping_status":"open","sticky":false,"template":"","format":"standard","meta":{"_jetpack_memberships_contains_paid_content":false,"footnotes":"","jetpack_publicize_message":"","jetpack_publicize_feature_enabled":true,"jetpack_social_post_already_shared":true,"jetpack_social_options":{"image_generator_settings":{"template":"highway","default_image_id":0,"font":"","enabled":false},"version":2}},"categories":[21],"tags":[3282,39,3807,2146],"class_list":["post-28068","post","type-post","status-publish","format-standard","hentry","category-informeci","tag-biblioeducacao","tag-bibliotecaspublicas","tag-democraciacultural","tag-pessoasemsituacaoderua"],"jetpack_publicize_connections":[],"jetpack_featured_media_url":"","views":"","jetpack_sharing_enabled":true,"_links":{"self":[{"href":"https:\/\/www.pedroandretta.info\/index\/wp-json\/wp\/v2\/posts\/28068","targetHints":{"allow":["GET"]}}],"collection":[{"href":"https:\/\/www.pedroandretta.info\/index\/wp-json\/wp\/v2\/posts"}],"about":[{"href":"https:\/\/www.pedroandretta.info\/index\/wp-json\/wp\/v2\/types\/post"}],"author":[{"embeddable":true,"href":"https:\/\/www.pedroandretta.info\/index\/wp-json\/wp\/v2\/users\/1"}],"replies":[{"embeddable":true,"href":"https:\/\/www.pedroandretta.info\/index\/wp-json\/wp\/v2\/comments?post=28068"}],"version-history":[{"count":0,"href":"https:\/\/www.pedroandretta.info\/index\/wp-json\/wp\/v2\/posts\/28068\/revisions"}],"wp:attachment":[{"href":"https:\/\/www.pedroandretta.info\/index\/wp-json\/wp\/v2\/media?parent=28068"}],"wp:term":[{"taxonomy":"category","embeddable":true,"href":"https:\/\/www.pedroandretta.info\/index\/wp-json\/wp\/v2\/categories?post=28068"},{"taxonomy":"post_tag","embeddable":true,"href":"https:\/\/www.pedroandretta.info\/index\/wp-json\/wp\/v2\/tags?post=28068"}],"curies":[{"name":"wp","href":"https:\/\/api.w.org\/{rel}","templated":true}]}}