{"id":28198,"date":"2024-12-10T10:40:22","date_gmt":"2024-12-10T14:40:22","guid":{"rendered":"https:\/\/www.pedroandretta.info\/index\/?p=28198"},"modified":"2024-12-10T10:40:27","modified_gmt":"2024-12-10T14:40:27","slug":"bibliotecas-humanas-revisao-sistematica-de-sua-concepcao-e-implementacao-no-campo-educacional","status":"publish","type":"post","link":"https:\/\/www.pedroandretta.info\/index\/2024\/12\/bibliotecas-humanas-revisao-sistematica-de-sua-concepcao-e-implementacao-no-campo-educacional\/","title":{"rendered":"Bibliotecas Humanas. Revis\u00e3o sistem\u00e1tica de sua concep\u00e7\u00e3o e implementa\u00e7\u00e3o no campo educacional"},"content":{"rendered":"\n<p><strong>Bibliotecas Humanas: Revis\u00e3o sistem\u00e1tica de sua concep\u00e7\u00e3o e implementa\u00e7\u00e3o no campo educacional<\/strong><\/p>\n\n\n\n<p>A presente revis\u00e3o responde a sete quest\u00f5es de pesquisa, agrupadas em quatro dimens\u00f5es: concep\u00e7\u00e3o de BH no contexto educacional e benef\u00edcios, objeto de estudo e participantes, processo de implementa\u00e7\u00e3o e recomenda\u00e7\u00f5es, desafios e linhas futuras de pesquisa. Dentre os achados, destaca-se que o BH, al\u00e9m de sua fun\u00e7\u00e3o educativa e de sua capacidade de neutralizar preconceitos e fomentar a conex\u00e3o humana, se posiciona como um m\u00e9todo inovador associado \u00e0 pesquisa narrativa. Isto busca oferecer oportunidades para abordar futuras interven\u00e7\u00f5es e pesquisas que garantam a constru\u00e7\u00e3o de ambientes educacionais livres de viol\u00eancia.<\/p>\n\n\n\n<p>#BibliotecasHumanas<\/p>\n\n\n\n<p>Dispon\u00edvel em: <a href=\"http:\/\/revistascientificas.filo.uba.ar\/index.php\/ICS\/article\/view\/14320\">http:\/\/revistascientificas.filo.uba.ar\/index.php\/ICS\/article\/view\/14320<\/a><\/p>\n\n\n\n<figure class=\"wp-block-image size-full\"><img data-recalc-dims=\"1\" decoding=\"async\" width=\"411\" height=\"576\" src=\"https:\/\/i0.wp.com\/www.pedroandretta.info\/index\/wp-content\/uploads\/2024\/12\/image-26.png?resize=411%2C576&#038;ssl=1\" alt=\"\" class=\"wp-image-28199\" srcset=\"https:\/\/i0.wp.com\/www.pedroandretta.info\/index\/wp-content\/uploads\/2024\/12\/image-26.png?w=411&amp;ssl=1 411w, https:\/\/i0.wp.com\/www.pedroandretta.info\/index\/wp-content\/uploads\/2024\/12\/image-26.png?resize=214%2C300&amp;ssl=1 214w\" sizes=\"(max-width: 411px) 100vw, 411px\" \/><\/figure>\n","protected":false},"excerpt":{"rendered":"<p>Bibliotecas Humanas: Revis\u00e3o sistem\u00e1tica de sua concep\u00e7\u00e3o e implementa\u00e7\u00e3o no campo educacional A presente revis\u00e3o responde a sete quest\u00f5es de pesquisa, agrupadas em quatro dimens\u00f5es: concep\u00e7\u00e3o de BH no contexto educacional e benef\u00edcios, objeto de estudo e participantes, processo de implementa\u00e7\u00e3o e recomenda\u00e7\u00f5es, desafios e linhas futuras de pesquisa. Dentre os achados, destaca-se que o<\/p><\/div>\n<div class=\"blog-btn\"><a href=\"https:\/\/www.pedroandretta.info\/index\/2024\/12\/bibliotecas-humanas-revisao-sistematica-de-sua-concepcao-e-implementacao-no-campo-educacional\/\" class=\"home-blog-btn\">Ler mais<\/a><\/p>\n","protected":false},"author":1,"featured_media":0,"comment_status":"open","ping_status":"open","sticky":false,"template":"","format":"standard","meta":{"_jetpack_memberships_contains_paid_content":false,"footnotes":"","jetpack_publicize_message":"","jetpack_publicize_feature_enabled":true,"jetpack_social_post_already_shared":true,"jetpack_social_options":{"image_generator_settings":{"template":"highway","default_image_id":0,"font":"","enabled":false},"version":2}},"categories":[21],"tags":[1144],"class_list":["post-28198","post","type-post","status-publish","format-standard","hentry","category-informeci","tag-bibliotecashumanas"],"jetpack_publicize_connections":[],"jetpack_featured_media_url":"","views":"","jetpack_sharing_enabled":true,"_links":{"self":[{"href":"https:\/\/www.pedroandretta.info\/index\/wp-json\/wp\/v2\/posts\/28198","targetHints":{"allow":["GET"]}}],"collection":[{"href":"https:\/\/www.pedroandretta.info\/index\/wp-json\/wp\/v2\/posts"}],"about":[{"href":"https:\/\/www.pedroandretta.info\/index\/wp-json\/wp\/v2\/types\/post"}],"author":[{"embeddable":true,"href":"https:\/\/www.pedroandretta.info\/index\/wp-json\/wp\/v2\/users\/1"}],"replies":[{"embeddable":true,"href":"https:\/\/www.pedroandretta.info\/index\/wp-json\/wp\/v2\/comments?post=28198"}],"version-history":[{"count":0,"href":"https:\/\/www.pedroandretta.info\/index\/wp-json\/wp\/v2\/posts\/28198\/revisions"}],"wp:attachment":[{"href":"https:\/\/www.pedroandretta.info\/index\/wp-json\/wp\/v2\/media?parent=28198"}],"wp:term":[{"taxonomy":"category","embeddable":true,"href":"https:\/\/www.pedroandretta.info\/index\/wp-json\/wp\/v2\/categories?post=28198"},{"taxonomy":"post_tag","embeddable":true,"href":"https:\/\/www.pedroandretta.info\/index\/wp-json\/wp\/v2\/tags?post=28198"}],"curies":[{"name":"wp","href":"https:\/\/api.w.org\/{rel}","templated":true}]}}