{"id":28205,"date":"2024-12-11T10:26:26","date_gmt":"2024-12-11T14:26:26","guid":{"rendered":"https:\/\/www.pedroandretta.info\/index\/?p=28205"},"modified":"2024-12-11T10:26:31","modified_gmt":"2024-12-11T14:26:31","slug":"ser-pesquisador-no-brasil-e-uma-luta-afirma-secretaria-geral-da-sbpc-em-evento-jornal-da-ciencia","status":"publish","type":"post","link":"https:\/\/www.pedroandretta.info\/index\/2024\/12\/ser-pesquisador-no-brasil-e-uma-luta-afirma-secretaria-geral-da-sbpc-em-evento-jornal-da-ciencia\/","title":{"rendered":"\u201cSer pesquisador no Brasil \u00e9 uma luta\u201d, afirma secret\u00e1ria-geral da SBPC em evento \/ Jornal da Ci\u00eancia"},"content":{"rendered":"\n<p><strong>\u201cSer pesquisador no Brasil \u00e9 uma luta\u201d, afirma secret\u00e1ria-geral da SBPC em evento<\/strong><\/p>\n\n\n\n<p>O Brasil produz muita Ci\u00eancia, mas poderia fazer mais se houver o fortalecimento pol\u00edtico de seu Sistema Nacional de Ci\u00eancia, Tecnologia e Inova\u00e7\u00e3o (SNCTI). Esta \u00e9 uma das principais pondera\u00e7\u00f5es apresentadas pela secret\u00e1ria-geral da SBPC, Claudia Linhares Sales, durante o XXX Semin\u00e1rio de Inicia\u00e7\u00e3o Cient\u00edfica da Universidade Federal Rural do Semi-\u00c1rido (Ufersa), em Mossor\u00f3.<\/p>\n\n\n\n<p>#Ci\u00eanciaBrasileira<\/p>\n\n\n\n<p>via Jornal da Ci\u00eancia<\/p>\n\n\n\n<p>Dispon\u00edvel em: <a href=\"http:\/\/www.jornaldaciencia.org.br\/ser-pesquisador-no-brasil-e-uma-luta-afirma-secretaria-geral-da-sbpc-em-evento\/\">http:\/\/www.jornaldaciencia.org.br\/ser-pesquisador-no-brasil-e-uma-luta-afirma-secretaria-geral-da-sbpc-em-evento\/<\/a><\/p>\n","protected":false},"excerpt":{"rendered":"<p>\u201cSer pesquisador no Brasil \u00e9 uma luta\u201d, afirma secret\u00e1ria-geral da SBPC em evento O Brasil produz muita Ci\u00eancia, mas poderia fazer mais se houver o fortalecimento pol\u00edtico de seu Sistema Nacional de Ci\u00eancia, Tecnologia e Inova\u00e7\u00e3o (SNCTI). Esta \u00e9 uma das principais pondera\u00e7\u00f5es apresentadas pela secret\u00e1ria-geral da SBPC, Claudia Linhares Sales, durante o XXX Semin\u00e1rio<\/p><\/div>\n<div class=\"blog-btn\"><a href=\"https:\/\/www.pedroandretta.info\/index\/2024\/12\/ser-pesquisador-no-brasil-e-uma-luta-afirma-secretaria-geral-da-sbpc-em-evento-jornal-da-ciencia\/\" class=\"home-blog-btn\">Ler mais<\/a><\/p>\n","protected":false},"author":1,"featured_media":0,"comment_status":"open","ping_status":"open","sticky":false,"template":"","format":"standard","meta":{"_jetpack_memberships_contains_paid_content":false,"footnotes":"","jetpack_publicize_message":"","jetpack_publicize_feature_enabled":true,"jetpack_social_post_already_shared":true,"jetpack_social_options":{"image_generator_settings":{"template":"highway","default_image_id":0,"font":"","enabled":false},"version":2}},"categories":[21],"tags":[2422],"class_list":["post-28205","post","type-post","status-publish","format-standard","hentry","category-informeci","tag-cienciabrasileira"],"jetpack_publicize_connections":[],"jetpack_featured_media_url":"","views":"","jetpack_sharing_enabled":true,"_links":{"self":[{"href":"https:\/\/www.pedroandretta.info\/index\/wp-json\/wp\/v2\/posts\/28205","targetHints":{"allow":["GET"]}}],"collection":[{"href":"https:\/\/www.pedroandretta.info\/index\/wp-json\/wp\/v2\/posts"}],"about":[{"href":"https:\/\/www.pedroandretta.info\/index\/wp-json\/wp\/v2\/types\/post"}],"author":[{"embeddable":true,"href":"https:\/\/www.pedroandretta.info\/index\/wp-json\/wp\/v2\/users\/1"}],"replies":[{"embeddable":true,"href":"https:\/\/www.pedroandretta.info\/index\/wp-json\/wp\/v2\/comments?post=28205"}],"version-history":[{"count":0,"href":"https:\/\/www.pedroandretta.info\/index\/wp-json\/wp\/v2\/posts\/28205\/revisions"}],"wp:attachment":[{"href":"https:\/\/www.pedroandretta.info\/index\/wp-json\/wp\/v2\/media?parent=28205"}],"wp:term":[{"taxonomy":"category","embeddable":true,"href":"https:\/\/www.pedroandretta.info\/index\/wp-json\/wp\/v2\/categories?post=28205"},{"taxonomy":"post_tag","embeddable":true,"href":"https:\/\/www.pedroandretta.info\/index\/wp-json\/wp\/v2\/tags?post=28205"}],"curies":[{"name":"wp","href":"https:\/\/api.w.org\/{rel}","templated":true}]}}