{"id":28207,"date":"2024-12-11T10:33:52","date_gmt":"2024-12-11T14:33:52","guid":{"rendered":"https:\/\/www.pedroandretta.info\/index\/?p=28207"},"modified":"2024-12-11T10:33:58","modified_gmt":"2024-12-11T14:33:58","slug":"declaracao-universal-dos-direitos-humanos-completa-76-anos-ufmg","status":"publish","type":"post","link":"https:\/\/www.pedroandretta.info\/index\/2024\/12\/declaracao-universal-dos-direitos-humanos-completa-76-anos-ufmg\/","title":{"rendered":"Declara\u00e7\u00e3o Universal dos Direitos Humanos completa 76 anos \/ UFMG"},"content":{"rendered":"\n<p><strong>Declara\u00e7\u00e3o Universal dos Direitos Humanos completa 76 anos<\/strong><\/p>\n\n\n\n<p>O Brasil foi um dos 48 pa\u00edses que votaram a favor da declara\u00e7\u00e3o durante a Assembleia Nacional da Organiza\u00e7\u00e3o das Na\u00e7\u00f5es Unidas (ONU), em 1948. Garantias fundamentais do documento, como educa\u00e7\u00e3o, sa\u00fade, alimenta\u00e7\u00e3o, moradia, trabalho, seguran\u00e7a, transporte e lazer para todas as pessoas foram direitos incorporados \u00e0 Constitui\u00e7\u00e3o brasileira de 1988.<\/p>\n\n\n\n<p>#DireitosHumanos<\/p>\n\n\n\n<p>via UFMG<\/p>\n\n\n\n<p>Dispon\u00edvel em: <a href=\"https:\/\/ufmg.br\/comunicacao\/noticias\/declaracao-universal-dos-direitos-humanos-completa-76-anos\">https:\/\/ufmg.br\/comunicacao\/noticias\/declaracao-universal-dos-direitos-humanos-completa-76-anos<\/a><\/p>\n\n\n\n<figure class=\"wp-block-image size-large\"><img data-recalc-dims=\"1\" decoding=\"async\" width=\"600\" height=\"337\" src=\"https:\/\/i0.wp.com\/www.pedroandretta.info\/index\/wp-content\/uploads\/2024\/12\/image-28.png?resize=600%2C337&#038;ssl=1\" alt=\"\" class=\"wp-image-28208\" srcset=\"https:\/\/i0.wp.com\/www.pedroandretta.info\/index\/wp-content\/uploads\/2024\/12\/image-28.png?resize=600%2C337&amp;ssl=1 600w, https:\/\/i0.wp.com\/www.pedroandretta.info\/index\/wp-content\/uploads\/2024\/12\/image-28.png?resize=300%2C169&amp;ssl=1 300w, https:\/\/i0.wp.com\/www.pedroandretta.info\/index\/wp-content\/uploads\/2024\/12\/image-28.png?w=699&amp;ssl=1 699w\" sizes=\"(max-width: 600px) 100vw, 600px\" \/><\/figure>\n","protected":false},"excerpt":{"rendered":"<p>Declara\u00e7\u00e3o Universal dos Direitos Humanos completa 76 anos O Brasil foi um dos 48 pa\u00edses que votaram a favor da declara\u00e7\u00e3o durante a Assembleia Nacional da Organiza\u00e7\u00e3o das Na\u00e7\u00f5es Unidas (ONU), em 1948. Garantias fundamentais do documento, como educa\u00e7\u00e3o, sa\u00fade, alimenta\u00e7\u00e3o, moradia, trabalho, seguran\u00e7a, transporte e lazer para todas as pessoas foram direitos incorporados \u00e0<\/p><\/div>\n<div class=\"blog-btn\"><a href=\"https:\/\/www.pedroandretta.info\/index\/2024\/12\/declaracao-universal-dos-direitos-humanos-completa-76-anos-ufmg\/\" class=\"home-blog-btn\">Ler mais<\/a><\/p>\n","protected":false},"author":1,"featured_media":0,"comment_status":"open","ping_status":"open","sticky":false,"template":"","format":"standard","meta":{"_jetpack_memberships_contains_paid_content":false,"footnotes":"","jetpack_publicize_message":"","jetpack_publicize_feature_enabled":true,"jetpack_social_post_already_shared":true,"jetpack_social_options":{"image_generator_settings":{"template":"highway","default_image_id":0,"font":"","enabled":false},"version":2}},"categories":[21],"tags":[1065],"class_list":["post-28207","post","type-post","status-publish","format-standard","hentry","category-informeci","tag-direitoshumanos"],"jetpack_publicize_connections":[],"jetpack_featured_media_url":"","views":"","jetpack_sharing_enabled":true,"_links":{"self":[{"href":"https:\/\/www.pedroandretta.info\/index\/wp-json\/wp\/v2\/posts\/28207","targetHints":{"allow":["GET"]}}],"collection":[{"href":"https:\/\/www.pedroandretta.info\/index\/wp-json\/wp\/v2\/posts"}],"about":[{"href":"https:\/\/www.pedroandretta.info\/index\/wp-json\/wp\/v2\/types\/post"}],"author":[{"embeddable":true,"href":"https:\/\/www.pedroandretta.info\/index\/wp-json\/wp\/v2\/users\/1"}],"replies":[{"embeddable":true,"href":"https:\/\/www.pedroandretta.info\/index\/wp-json\/wp\/v2\/comments?post=28207"}],"version-history":[{"count":0,"href":"https:\/\/www.pedroandretta.info\/index\/wp-json\/wp\/v2\/posts\/28207\/revisions"}],"wp:attachment":[{"href":"https:\/\/www.pedroandretta.info\/index\/wp-json\/wp\/v2\/media?parent=28207"}],"wp:term":[{"taxonomy":"category","embeddable":true,"href":"https:\/\/www.pedroandretta.info\/index\/wp-json\/wp\/v2\/categories?post=28207"},{"taxonomy":"post_tag","embeddable":true,"href":"https:\/\/www.pedroandretta.info\/index\/wp-json\/wp\/v2\/tags?post=28207"}],"curies":[{"name":"wp","href":"https:\/\/api.w.org\/{rel}","templated":true}]}}