{"id":2827,"date":"2019-11-17T10:45:39","date_gmt":"2019-11-17T10:45:39","guid":{"rendered":"https:\/\/www.pedroandretta.info\/index\/?p=2827"},"modified":"2019-11-17T10:45:39","modified_gmt":"2019-11-17T10:45:39","slug":"sabe-aquela-epigrafe-preferida-dos-bibliotecarios-aquela-q-jorge-luis-borges-i","status":"publish","type":"post","link":"https:\/\/www.pedroandretta.info\/index\/2019\/11\/sabe-aquela-epigrafe-preferida-dos-bibliotecarios-aquela-q-jorge-luis-borges-i\/","title":{"rendered":"Sabe aquela ep\u00edgrafe preferida dos #bibliotec\u00e1rios, aquela q Jorge Lu\u00eds Borges i&#8230;"},"content":{"rendered":"<p>[ad_1]<br \/>\n<img data-recalc-dims=\"1\" decoding=\"async\" src=\"https:\/\/i0.wp.com\/www.poesi.as\/cuadros\/fotojlb.jpg?w=696&#038;ssl=1\"\/><\/p>\n<blockquote class=\"twitter-tweet\">\n<p lang=\"pt\" dir=\"ltr\">Sabe aquela ep\u00edgrafe preferida dos <a target=\"_blank\" href=\"https:\/\/twitter.com\/hashtag\/bibliotec%C3%A1rios?src=hash&amp;ref_src=twsrc%5Etfw\" rel=\"noopener noreferrer\">#bibliotec\u00e1rios<\/a>, aquela q Jorge Lu\u00eds Borges indica o para\u00edso como um tipo de <a target=\"_blank\" href=\"https:\/\/twitter.com\/hashtag\/biblioteca?src=hash&amp;ref_src=twsrc%5Etfw\" rel=\"noopener noreferrer\">#biblioteca<\/a>  \u201cyo, que me figuraba el Para\u00edso <br \/>bajo la especie de una biblioteca\u201d ent\u00e3o. Segue o poema \u201cPOEMA DE LOS DONES\u201d de Borges, completo! <a target=\"_blank\" href=\"https:\/\/t.co\/0PbxjeynBA\" rel=\"noopener noreferrer\">https:\/\/t.co\/0PbxjeynBA<\/a><\/p>\n<p>&mdash; Pedro Andretta (@andretta_pedro) <a target=\"_blank\" href=\"https:\/\/twitter.com\/andretta_pedro\/status\/1196016545006325760?ref_src=twsrc%5Etfw\" rel=\"noopener noreferrer\">November 17, 2019<\/a><\/p><\/blockquote>\n<p><script async src=\"https:\/\/platform.twitter.com\/widgets.js\" charset=\"utf-8\"><\/script><\/p>\n<p>[ad_2]<br \/>\n<br \/><a href=\"https:\/\/twitter.com\/andretta_pedro\/statuses\/1196016545006325760\">Source<\/a> by <a href=\"https:\/\/t.co\/MfIsGWjH1p\">Pedro Andretta<\/a><\/p>\n","protected":false},"excerpt":{"rendered":"<p>[ad_1] Sabe aquela ep\u00edgrafe preferida dos #bibliotec\u00e1rios, aquela q Jorge Lu\u00eds Borges indica o para\u00edso como um tipo de #biblioteca \u201cyo, que me figuraba el Para\u00edso bajo la especie de una biblioteca\u201d ent\u00e3o. Segue o poema \u201cPOEMA DE LOS DONES\u201d de Borges, completo! https:\/\/t.co\/0PbxjeynBA &mdash; Pedro Andretta (@andretta_pedro) November 17, 2019 [ad_2] Source by Pedro<\/p><\/div>\n<div class=\"blog-btn\"><a href=\"https:\/\/www.pedroandretta.info\/index\/2019\/11\/sabe-aquela-epigrafe-preferida-dos-bibliotecarios-aquela-q-jorge-luis-borges-i\/\" class=\"home-blog-btn\">Ler mais<\/a><\/p>\n","protected":false},"author":1,"featured_media":2828,"comment_status":"closed","ping_status":"open","sticky":false,"template":"","format":"standard","meta":{"_jetpack_memberships_contains_paid_content":false,"footnotes":"","jetpack_publicize_message":"","jetpack_publicize_feature_enabled":true,"jetpack_social_post_already_shared":false,"jetpack_social_options":{"image_generator_settings":{"template":"highway","default_image_id":0,"font":"","enabled":false},"version":2}},"categories":[21],"tags":[22,38],"class_list":["post-2827","post","type-post","status-publish","format-standard","has-post-thumbnail","hentry","category-informeci","tag-bibliotecarios","tag-bibliotecas"],"jetpack_publicize_connections":[],"jetpack_featured_media_url":"https:\/\/i0.wp.com\/www.pedroandretta.info\/index\/wp-content\/uploads\/2019\/12\/fotojlb.jpg?fit=340%2C309&ssl=1","views":"","jetpack_sharing_enabled":true,"_links":{"self":[{"href":"https:\/\/www.pedroandretta.info\/index\/wp-json\/wp\/v2\/posts\/2827","targetHints":{"allow":["GET"]}}],"collection":[{"href":"https:\/\/www.pedroandretta.info\/index\/wp-json\/wp\/v2\/posts"}],"about":[{"href":"https:\/\/www.pedroandretta.info\/index\/wp-json\/wp\/v2\/types\/post"}],"author":[{"embeddable":true,"href":"https:\/\/www.pedroandretta.info\/index\/wp-json\/wp\/v2\/users\/1"}],"replies":[{"embeddable":true,"href":"https:\/\/www.pedroandretta.info\/index\/wp-json\/wp\/v2\/comments?post=2827"}],"version-history":[{"count":0,"href":"https:\/\/www.pedroandretta.info\/index\/wp-json\/wp\/v2\/posts\/2827\/revisions"}],"wp:featuredmedia":[{"embeddable":true,"href":"https:\/\/www.pedroandretta.info\/index\/wp-json\/wp\/v2\/media\/2828"}],"wp:attachment":[{"href":"https:\/\/www.pedroandretta.info\/index\/wp-json\/wp\/v2\/media?parent=2827"}],"wp:term":[{"taxonomy":"category","embeddable":true,"href":"https:\/\/www.pedroandretta.info\/index\/wp-json\/wp\/v2\/categories?post=2827"},{"taxonomy":"post_tag","embeddable":true,"href":"https:\/\/www.pedroandretta.info\/index\/wp-json\/wp\/v2\/tags?post=2827"}],"curies":[{"name":"wp","href":"https:\/\/api.w.org\/{rel}","templated":true}]}}