{"id":28274,"date":"2024-12-16T08:16:46","date_gmt":"2024-12-16T12:16:46","guid":{"rendered":"https:\/\/www.pedroandretta.info\/index\/?p=28274"},"modified":"2024-12-16T08:16:52","modified_gmt":"2024-12-16T12:16:52","slug":"o-futuro-que-vivi-e-o-futuro-que-vislumbro-educacao-transformadora","status":"publish","type":"post","link":"https:\/\/www.pedroandretta.info\/index\/2024\/12\/o-futuro-que-vivi-e-o-futuro-que-vislumbro-educacao-transformadora\/","title":{"rendered":"O futuro que vivi e o futuro que vislumbro \/ Educa\u00e7\u00e3o Transformadora"},"content":{"rendered":"\n<p><strong>O futuro que vivi e o futuro que vislumbro<\/strong><\/p>\n\n\n\n<p>Na realidade a evolu\u00e7\u00e3o da educa\u00e7\u00e3o foi mais lenta e dif\u00edcil do que o esperado. H\u00e1 um claro descompasso entre as expectativas e a realidade. Sem d\u00favida houve avan\u00e7os significativos no redesenho de escolas inovadoras, mais participativas e democr\u00e1ticas, com mais \u00eanfase em projetos, experimenta\u00e7\u00e3o, metodologias ativas. Houve avan\u00e7os na universaliza\u00e7\u00e3o do acesso, na avali\u00e7\u00e3o de desempenho. Mas o cen\u00e1rio geral \u00e9 bastante decepcionante: escolas ainda muitos burocr\u00e1ticas, pouco criativas, infraestrutura prec\u00e1ria, docentes sobrecarregados e com forma\u00e7\u00e3o continuada deficiente.<\/p>\n\n\n\n<p>#Educa\u00e7\u00e3o #Tend\u00eancias<\/p>\n\n\n\n<p>via Educa\u00e7\u00e3o Transformadora<\/p>\n\n\n\n<p>Dispon\u00edvel em: <a href=\"https:\/\/moran10.blogspot.com\/2024\/12\/o-futuro-que-vivi-e-o-futuro-que.html\">https:\/\/moran10.blogspot.com\/2024\/12\/o-futuro-que-vivi-e-o-futuro-que.html<\/a><\/p>\n","protected":false},"excerpt":{"rendered":"<p>O futuro que vivi e o futuro que vislumbro Na realidade a evolu\u00e7\u00e3o da educa\u00e7\u00e3o foi mais lenta e dif\u00edcil do que o esperado. H\u00e1 um claro descompasso entre as expectativas e a realidade. Sem d\u00favida houve avan\u00e7os significativos no redesenho de escolas inovadoras, mais participativas e democr\u00e1ticas, com mais \u00eanfase em projetos, experimenta\u00e7\u00e3o, metodologias<\/p><\/div>\n<div class=\"blog-btn\"><a href=\"https:\/\/www.pedroandretta.info\/index\/2024\/12\/o-futuro-que-vivi-e-o-futuro-que-vislumbro-educacao-transformadora\/\" class=\"home-blog-btn\">Ler mais<\/a><\/p>\n","protected":false},"author":1,"featured_media":0,"comment_status":"open","ping_status":"open","sticky":false,"template":"","format":"standard","meta":{"_jetpack_memberships_contains_paid_content":false,"footnotes":"","jetpack_publicize_message":"","jetpack_publicize_feature_enabled":true,"jetpack_social_post_already_shared":true,"jetpack_social_options":{"image_generator_settings":{"template":"highway","default_image_id":0,"font":"","enabled":false},"version":2}},"categories":[21],"tags":[45,707],"class_list":["post-28274","post","type-post","status-publish","format-standard","hentry","category-informeci","tag-educacao","tag-tendencias"],"jetpack_publicize_connections":[],"jetpack_featured_media_url":"","views":"","jetpack_sharing_enabled":true,"_links":{"self":[{"href":"https:\/\/www.pedroandretta.info\/index\/wp-json\/wp\/v2\/posts\/28274","targetHints":{"allow":["GET"]}}],"collection":[{"href":"https:\/\/www.pedroandretta.info\/index\/wp-json\/wp\/v2\/posts"}],"about":[{"href":"https:\/\/www.pedroandretta.info\/index\/wp-json\/wp\/v2\/types\/post"}],"author":[{"embeddable":true,"href":"https:\/\/www.pedroandretta.info\/index\/wp-json\/wp\/v2\/users\/1"}],"replies":[{"embeddable":true,"href":"https:\/\/www.pedroandretta.info\/index\/wp-json\/wp\/v2\/comments?post=28274"}],"version-history":[{"count":0,"href":"https:\/\/www.pedroandretta.info\/index\/wp-json\/wp\/v2\/posts\/28274\/revisions"}],"wp:attachment":[{"href":"https:\/\/www.pedroandretta.info\/index\/wp-json\/wp\/v2\/media?parent=28274"}],"wp:term":[{"taxonomy":"category","embeddable":true,"href":"https:\/\/www.pedroandretta.info\/index\/wp-json\/wp\/v2\/categories?post=28274"},{"taxonomy":"post_tag","embeddable":true,"href":"https:\/\/www.pedroandretta.info\/index\/wp-json\/wp\/v2\/tags?post=28274"}],"curies":[{"name":"wp","href":"https:\/\/api.w.org\/{rel}","templated":true}]}}