{"id":28278,"date":"2024-12-16T08:22:39","date_gmt":"2024-12-16T12:22:39","guid":{"rendered":"https:\/\/www.pedroandretta.info\/index\/?p=28278"},"modified":"2024-12-16T08:22:58","modified_gmt":"2024-12-16T12:22:58","slug":"fluxos-de-informacao-na-gestao-do-sistema-unico-de-saude-uma-abordagem-de-dinamica-de-sistemas-ppgci-ufsc","status":"publish","type":"post","link":"https:\/\/www.pedroandretta.info\/index\/2024\/12\/fluxos-de-informacao-na-gestao-do-sistema-unico-de-saude-uma-abordagem-de-dinamica-de-sistemas-ppgci-ufsc\/","title":{"rendered":"Fluxos de informa\u00e7\u00e3o na gest\u00e3o do sistema \u00fanico de sa\u00fade: uma abordagem de Din\u00e2mica de Sistemas \/ PPGCI &#8211; UFSC"},"content":{"rendered":"\n<p><strong>Fluxos de informa\u00e7\u00e3o na gest\u00e3o do sistema \u00fanico de sa\u00fade: uma abordagem de Din\u00e2mica de Sistemas<\/strong><\/p>\n\n\n\n<p>Os resultados indicaram que a insufici\u00eancia de treinamento dos profissionais de sa\u00fade est\u00e1 diretamente relacionada \u00e0 baixa qualidade da informa\u00e7\u00e3o. Al\u00e9m disso, a aus\u00eancia de uma defini\u00e7\u00e3o clara das responsabilidades e comunica\u00e7\u00e3o efetiva dos objetivos organizacionais elevou o n\u00famero de erros presentes nos Fluxos de Informa\u00e7\u00e3o. Como contribui\u00e7\u00e3o, este estudo demonstra que, no trin\u00f4mio pessoas, processos e tecnologia, se as pessoas n\u00e3o estiverem capacitadas e os processos estiverem defasados, de nada adianta o investimento em tecnologia. Expressa, ainda, que a Din\u00e2mica de Sistemas \u00e9 importante para o estudo dos Fluxos de Informa\u00e7\u00e3o.<\/p>\n\n\n\n<p>#Gest\u00e3oDaInforma\u00e7\u00e3o #FluxosDeInforma\u00e7\u00e3o #Informa\u00e7\u00e3oEmSa\u00fade<\/p>\n\n\n\n<p>Dispon\u00edvel em: <a href=\"https:\/\/repositorio.ufsc.br\/handle\/123456789\/261708\">https:\/\/repositorio.ufsc.br\/handle\/123456789\/261708<\/a><\/p>\n\n\n\n<figure class=\"wp-block-image size-large\"><img data-recalc-dims=\"1\" decoding=\"async\" width=\"393\" height=\"600\" src=\"https:\/\/i0.wp.com\/www.pedroandretta.info\/index\/wp-content\/uploads\/2024\/12\/image-43.png?resize=393%2C600&#038;ssl=1\" alt=\"\" class=\"wp-image-28279\" srcset=\"https:\/\/i0.wp.com\/www.pedroandretta.info\/index\/wp-content\/uploads\/2024\/12\/image-43.png?resize=393%2C600&amp;ssl=1 393w, https:\/\/i0.wp.com\/www.pedroandretta.info\/index\/wp-content\/uploads\/2024\/12\/image-43.png?resize=197%2C300&amp;ssl=1 197w, https:\/\/i0.wp.com\/www.pedroandretta.info\/index\/wp-content\/uploads\/2024\/12\/image-43.png?w=503&amp;ssl=1 503w\" sizes=\"(max-width: 393px) 100vw, 393px\" \/><\/figure>\n","protected":false},"excerpt":{"rendered":"<p>Fluxos de informa\u00e7\u00e3o na gest\u00e3o do sistema \u00fanico de sa\u00fade: uma abordagem de Din\u00e2mica de Sistemas Os resultados indicaram que a insufici\u00eancia de treinamento dos profissionais de sa\u00fade est\u00e1 diretamente relacionada \u00e0 baixa qualidade da informa\u00e7\u00e3o. Al\u00e9m disso, a aus\u00eancia de uma defini\u00e7\u00e3o clara das responsabilidades e comunica\u00e7\u00e3o efetiva dos objetivos organizacionais elevou o n\u00famero<\/p><\/div>\n<div class=\"blog-btn\"><a href=\"https:\/\/www.pedroandretta.info\/index\/2024\/12\/fluxos-de-informacao-na-gestao-do-sistema-unico-de-saude-uma-abordagem-de-dinamica-de-sistemas-ppgci-ufsc\/\" class=\"home-blog-btn\">Ler mais<\/a><\/p>\n","protected":false},"author":1,"featured_media":0,"comment_status":"open","ping_status":"open","sticky":false,"template":"","format":"standard","meta":{"_jetpack_memberships_contains_paid_content":false,"footnotes":"","jetpack_publicize_message":"","jetpack_publicize_feature_enabled":true,"jetpack_social_post_already_shared":true,"jetpack_social_options":{"image_generator_settings":{"template":"highway","default_image_id":0,"font":"","enabled":false},"version":2}},"categories":[21],"tags":[593,248,1079],"class_list":["post-28278","post","type-post","status-publish","format-standard","hentry","category-informeci","tag-fluxosdeinformacao","tag-gestaodainformacao","tag-informacaoemsaude"],"jetpack_publicize_connections":[],"jetpack_featured_media_url":"","views":"","jetpack_sharing_enabled":true,"_links":{"self":[{"href":"https:\/\/www.pedroandretta.info\/index\/wp-json\/wp\/v2\/posts\/28278","targetHints":{"allow":["GET"]}}],"collection":[{"href":"https:\/\/www.pedroandretta.info\/index\/wp-json\/wp\/v2\/posts"}],"about":[{"href":"https:\/\/www.pedroandretta.info\/index\/wp-json\/wp\/v2\/types\/post"}],"author":[{"embeddable":true,"href":"https:\/\/www.pedroandretta.info\/index\/wp-json\/wp\/v2\/users\/1"}],"replies":[{"embeddable":true,"href":"https:\/\/www.pedroandretta.info\/index\/wp-json\/wp\/v2\/comments?post=28278"}],"version-history":[{"count":0,"href":"https:\/\/www.pedroandretta.info\/index\/wp-json\/wp\/v2\/posts\/28278\/revisions"}],"wp:attachment":[{"href":"https:\/\/www.pedroandretta.info\/index\/wp-json\/wp\/v2\/media?parent=28278"}],"wp:term":[{"taxonomy":"category","embeddable":true,"href":"https:\/\/www.pedroandretta.info\/index\/wp-json\/wp\/v2\/categories?post=28278"},{"taxonomy":"post_tag","embeddable":true,"href":"https:\/\/www.pedroandretta.info\/index\/wp-json\/wp\/v2\/tags?post=28278"}],"curies":[{"name":"wp","href":"https:\/\/api.w.org\/{rel}","templated":true}]}}