{"id":28340,"date":"2024-12-19T09:51:34","date_gmt":"2024-12-19T13:51:34","guid":{"rendered":"https:\/\/www.pedroandretta.info\/index\/?p=28340"},"modified":"2024-12-19T09:51:39","modified_gmt":"2024-12-19T13:51:39","slug":"colonialidade-de-saberes-na-ciencia-da-informacao-brasileira-tpbci","status":"publish","type":"post","link":"https:\/\/www.pedroandretta.info\/index\/2024\/12\/colonialidade-de-saberes-na-ciencia-da-informacao-brasileira-tpbci\/","title":{"rendered":"Colonialidade de Saberes na Ci\u00eancia da Informa\u00e7\u00e3o Brasileira \/ TPBCI"},"content":{"rendered":"\n<p><strong>Colonialidade de Saberes na Ci\u00eancia da Informa\u00e7\u00e3o Brasileira<\/strong><\/p>\n\n\n\n<p>A colonialidade se estabelece em tr\u00eas dimens\u00f5es (poder, ser e saber), sendo uma continuidade do colonialismo e influenciando, diretamente, no modo de vida dos corpos colonizados, classificando as pessoas e suas culturas com base em uma vis\u00e3o de mundo pautada em uma racionalidade branca crist\u00e3o e capitalista (Oliveira; Silva, 2021). No \u00e2mbito epistemol\u00f3gico, Oliveira e Silva (2021) afirmam que s\u00e3o estabelecidos regimes de produ\u00e7\u00e3o de conhecimento constru\u00eddos, a partir do eurocentrismo e de seus padr\u00f5es modernos de humanidade; e, no \u00e2mbito ontol\u00f3gico, atua na desconstru\u00e7\u00e3o do ser.<\/p>\n\n\n\n<p>#FundamentosDaCI #Epistemic\u00eddio #Colonialidade #Colonialismo<\/p>\n\n\n\n<p>Dispon\u00edvel em: <a href=\"https:\/\/revistas.ancib.org\/index.php\/tpbci\/article\/view\/667\">https:\/\/revistas.ancib.org\/index.php\/tpbci\/article\/view\/667<\/a><\/p>\n\n\n\n<figure class=\"wp-block-image size-large\"><img data-recalc-dims=\"1\" decoding=\"async\" width=\"429\" height=\"600\" src=\"https:\/\/i0.wp.com\/www.pedroandretta.info\/index\/wp-content\/uploads\/2024\/12\/image-60.png?resize=429%2C600&#038;ssl=1\" alt=\"\" class=\"wp-image-28341\" srcset=\"https:\/\/i0.wp.com\/www.pedroandretta.info\/index\/wp-content\/uploads\/2024\/12\/image-60.png?resize=429%2C600&amp;ssl=1 429w, https:\/\/i0.wp.com\/www.pedroandretta.info\/index\/wp-content\/uploads\/2024\/12\/image-60.png?resize=214%2C300&amp;ssl=1 214w, https:\/\/i0.wp.com\/www.pedroandretta.info\/index\/wp-content\/uploads\/2024\/12\/image-60.png?w=540&amp;ssl=1 540w\" sizes=\"(max-width: 429px) 100vw, 429px\" \/><\/figure>\n","protected":false},"excerpt":{"rendered":"<p>Colonialidade de Saberes na Ci\u00eancia da Informa\u00e7\u00e3o Brasileira A colonialidade se estabelece em tr\u00eas dimens\u00f5es (poder, ser e saber), sendo uma continuidade do colonialismo e influenciando, diretamente, no modo de vida dos corpos colonizados, classificando as pessoas e suas culturas com base em uma vis\u00e3o de mundo pautada em uma racionalidade branca crist\u00e3o e capitalista<\/p><\/div>\n<div class=\"blog-btn\"><a href=\"https:\/\/www.pedroandretta.info\/index\/2024\/12\/colonialidade-de-saberes-na-ciencia-da-informacao-brasileira-tpbci\/\" class=\"home-blog-btn\">Ler mais<\/a><\/p>\n","protected":false},"author":1,"featured_media":0,"comment_status":"open","ping_status":"open","sticky":false,"template":"","format":"standard","meta":{"_jetpack_memberships_contains_paid_content":false,"footnotes":"","jetpack_publicize_message":"","jetpack_publicize_feature_enabled":true,"jetpack_social_post_already_shared":true,"jetpack_social_options":{"image_generator_settings":{"template":"highway","default_image_id":0,"font":"","enabled":false},"version":2}},"categories":[21],"tags":[3242,3100,3818,1585],"class_list":["post-28340","post","type-post","status-publish","format-standard","hentry","category-informeci","tag-colonialidade","tag-colonialismo","tag-epistemicidio","tag-fundamentosdaci"],"jetpack_publicize_connections":[],"jetpack_featured_media_url":"","views":"","jetpack_sharing_enabled":true,"_links":{"self":[{"href":"https:\/\/www.pedroandretta.info\/index\/wp-json\/wp\/v2\/posts\/28340","targetHints":{"allow":["GET"]}}],"collection":[{"href":"https:\/\/www.pedroandretta.info\/index\/wp-json\/wp\/v2\/posts"}],"about":[{"href":"https:\/\/www.pedroandretta.info\/index\/wp-json\/wp\/v2\/types\/post"}],"author":[{"embeddable":true,"href":"https:\/\/www.pedroandretta.info\/index\/wp-json\/wp\/v2\/users\/1"}],"replies":[{"embeddable":true,"href":"https:\/\/www.pedroandretta.info\/index\/wp-json\/wp\/v2\/comments?post=28340"}],"version-history":[{"count":0,"href":"https:\/\/www.pedroandretta.info\/index\/wp-json\/wp\/v2\/posts\/28340\/revisions"}],"wp:attachment":[{"href":"https:\/\/www.pedroandretta.info\/index\/wp-json\/wp\/v2\/media?parent=28340"}],"wp:term":[{"taxonomy":"category","embeddable":true,"href":"https:\/\/www.pedroandretta.info\/index\/wp-json\/wp\/v2\/categories?post=28340"},{"taxonomy":"post_tag","embeddable":true,"href":"https:\/\/www.pedroandretta.info\/index\/wp-json\/wp\/v2\/tags?post=28340"}],"curies":[{"name":"wp","href":"https:\/\/api.w.org\/{rel}","templated":true}]}}