{"id":28362,"date":"2024-12-21T12:09:00","date_gmt":"2024-12-21T16:09:00","guid":{"rendered":"https:\/\/www.pedroandretta.info\/index\/?p=28362"},"modified":"2024-12-21T12:09:06","modified_gmt":"2024-12-21T16:09:06","slug":"mediacao-cultural-e-politicas-publicas-para-a-cultura-uma-analise-sobre-curadoria-de-exposicoes-na-pinacoteca-do-ceara-ppgci-ufc","status":"publish","type":"post","link":"https:\/\/www.pedroandretta.info\/index\/2024\/12\/mediacao-cultural-e-politicas-publicas-para-a-cultura-uma-analise-sobre-curadoria-de-exposicoes-na-pinacoteca-do-ceara-ppgci-ufc\/","title":{"rendered":"Media\u00e7\u00e3o cultural e pol\u00edticas p\u00fablicas para a cultura: uma an\u00e1lise sobre curadoria de exposi\u00e7\u00f5es na Pinacoteca do Cear\u00e1 \/ PPGCI &#8211; UFC"},"content":{"rendered":"\n<p><strong>Media\u00e7\u00e3o cultural e pol\u00edticas p\u00fablicas para a cultura: uma an\u00e1lise sobre curadoria de exposi\u00e7\u00f5es na Pinacoteca do Cear\u00e1<\/strong><\/p>\n\n\n\n<p>\u00a0Para a coleta de dados, realiza levantamento e mapeamento documental do Plano Nacional de Cultura e de duas exposi\u00e7\u00f5es da mostra \u201cBonito para Chover\u201d, da Pinacoteca do Cear\u00e1; realiza entrevistas com os curadores das exposi\u00e7\u00f5es selecionadas e analisa os dados atrav\u00e9s de um cotejamento entre o material documental e as entrevistas. Conclui que a media\u00e7\u00e3o cultural est\u00e1 intrinsecamente ligada ao processo de curadoria de exposi\u00e7\u00f5es e \u00e0s pol\u00edticas p\u00fablicas para a cultura, constituindo um ambiente din\u00e2mico de constru\u00e7\u00e3o simb\u00f3lica, no qual os respons\u00e1veis pelas pol\u00edticas, os profissionais envolvidos em uma exposi\u00e7\u00e3o ou mostra, e o p\u00fablico s\u00e3o partes ativas e integrantes do processo de media\u00e7\u00e3o.<\/p>\n\n\n\n<p>#Media\u00e7\u00e3oCultural #Exposi\u00e7\u00e3o<\/p>\n\n\n\n<p>Dispon\u00edvel em: <a href=\"https:\/\/repositorio.ufc.br\/handle\/riufc\/79207\">https:\/\/repositorio.ufc.br\/handle\/riufc\/79207<\/a><\/p>\n\n\n\n<figure class=\"wp-block-image size-large\"><img data-recalc-dims=\"1\" decoding=\"async\" width=\"449\" height=\"600\" src=\"https:\/\/i0.wp.com\/www.pedroandretta.info\/index\/wp-content\/uploads\/2024\/12\/image-64.png?resize=449%2C600&#038;ssl=1\" alt=\"\" class=\"wp-image-28363\" srcset=\"https:\/\/i0.wp.com\/www.pedroandretta.info\/index\/wp-content\/uploads\/2024\/12\/image-64.png?resize=449%2C600&amp;ssl=1 449w, https:\/\/i0.wp.com\/www.pedroandretta.info\/index\/wp-content\/uploads\/2024\/12\/image-64.png?resize=224%2C300&amp;ssl=1 224w, https:\/\/i0.wp.com\/www.pedroandretta.info\/index\/wp-content\/uploads\/2024\/12\/image-64.png?w=526&amp;ssl=1 526w\" sizes=\"(max-width: 449px) 100vw, 449px\" \/><\/figure>\n","protected":false},"excerpt":{"rendered":"<p>Media\u00e7\u00e3o cultural e pol\u00edticas p\u00fablicas para a cultura: uma an\u00e1lise sobre curadoria de exposi\u00e7\u00f5es na Pinacoteca do Cear\u00e1 \u00a0Para a coleta de dados, realiza levantamento e mapeamento documental do Plano Nacional de Cultura e de duas exposi\u00e7\u00f5es da mostra \u201cBonito para Chover\u201d, da Pinacoteca do Cear\u00e1; realiza entrevistas com os curadores das exposi\u00e7\u00f5es selecionadas e<\/p><\/div>\n<div class=\"blog-btn\"><a href=\"https:\/\/www.pedroandretta.info\/index\/2024\/12\/mediacao-cultural-e-politicas-publicas-para-a-cultura-uma-analise-sobre-curadoria-de-exposicoes-na-pinacoteca-do-ceara-ppgci-ufc\/\" class=\"home-blog-btn\">Ler mais<\/a><\/p>\n","protected":false},"author":1,"featured_media":0,"comment_status":"open","ping_status":"open","sticky":false,"template":"","format":"standard","meta":{"_jetpack_newsletter_access":"","_jetpack_dont_email_post_to_subs":false,"_jetpack_newsletter_tier_id":0,"_jetpack_memberships_contains_paywalled_content":false,"_jetpack_feature_clip_id":0,"_jetpack_memberships_contains_paid_content":false,"footnotes":"","jetpack_publicize_message":"","jetpack_publicize_feature_enabled":true,"jetpack_social_post_already_shared":true,"jetpack_social_options":{"image_generator_settings":{"template":"highway","default_image_id":0,"font":"","enabled":false},"version":2},"jetpack_post_was_ever_published":false},"categories":[21],"tags":[3756,954],"class_list":["post-28362","post","type-post","status-publish","format-standard","hentry","category-informeci","tag-exposicao","tag-mediacaocultural"],"jetpack_publicize_connections":[],"jetpack_featured_media_url":"","views":"","jetpack_sharing_enabled":true,"_links":{"self":[{"href":"https:\/\/www.pedroandretta.info\/index\/wp-json\/wp\/v2\/posts\/28362","targetHints":{"allow":["GET"]}}],"collection":[{"href":"https:\/\/www.pedroandretta.info\/index\/wp-json\/wp\/v2\/posts"}],"about":[{"href":"https:\/\/www.pedroandretta.info\/index\/wp-json\/wp\/v2\/types\/post"}],"author":[{"embeddable":true,"href":"https:\/\/www.pedroandretta.info\/index\/wp-json\/wp\/v2\/users\/1"}],"replies":[{"embeddable":true,"href":"https:\/\/www.pedroandretta.info\/index\/wp-json\/wp\/v2\/comments?post=28362"}],"version-history":[{"count":0,"href":"https:\/\/www.pedroandretta.info\/index\/wp-json\/wp\/v2\/posts\/28362\/revisions"}],"wp:attachment":[{"href":"https:\/\/www.pedroandretta.info\/index\/wp-json\/wp\/v2\/media?parent=28362"}],"wp:term":[{"taxonomy":"category","embeddable":true,"href":"https:\/\/www.pedroandretta.info\/index\/wp-json\/wp\/v2\/categories?post=28362"},{"taxonomy":"post_tag","embeddable":true,"href":"https:\/\/www.pedroandretta.info\/index\/wp-json\/wp\/v2\/tags?post=28362"}],"curies":[{"name":"wp","href":"https:\/\/api.w.org\/{rel}","templated":true}]}}