{"id":28401,"date":"2024-12-24T10:49:44","date_gmt":"2024-12-24T14:49:44","guid":{"rendered":"https:\/\/www.pedroandretta.info\/index\/?p=28401"},"modified":"2024-12-24T10:49:49","modified_gmt":"2024-12-24T14:49:49","slug":"retraction-notice-libraries-in-the-metaverse-the-need-for-metaliteracy-for-digital-librarians-and-digital-age-library-users-library-hi-tech-news","status":"publish","type":"post","link":"https:\/\/www.pedroandretta.info\/index\/2024\/12\/retraction-notice-libraries-in-the-metaverse-the-need-for-metaliteracy-for-digital-librarians-and-digital-age-library-users-library-hi-tech-news\/","title":{"rendered":"Retraction notice: Libraries in the metaverse: the need for metaliteracy for digital librarians and digital age library users \/ Library Hi Tech News"},"content":{"rendered":"\n<p><strong>Retraction notice: Libraries in the metaverse: the need for metaliteracy for digital librarians and digital age library users<\/strong><\/p>\n\n\n\n<p>Chegou ao nosso conhecimento que a lista de refer\u00eancias cont\u00e9m v\u00e1rios artigos que n\u00e3o existem. Como resultado, as descobertas do artigo n\u00e3o podem ser confi\u00e1veis.<\/p>\n\n\n\n<p><em>Retrata\u00e7\u00e3o de artigo em revista de CI. \u00c9 preciso que editores, revisores e a comunidade cient\u00edfica em geral passe a ficar ainda mais atenta&#8230;<\/em><\/p>\n\n\n\n<p>#Retrata\u00e7\u00e3o #Metaverso<\/p>\n\n\n\n<p>via Library Hi Tech News<\/p>\n\n\n\n<p>Dispon\u00edvel em: <a href=\"https:\/\/www.emerald.com\/insight\/content\/doi\/10.1108\/lhtn-12-2024-0211\/full\/html\">https:\/\/www.emerald.com\/insight\/content\/doi\/10.1108\/lhtn-12-2024-0211\/full\/html<\/a><\/p>\n","protected":false},"excerpt":{"rendered":"<p>Retraction notice: Libraries in the metaverse: the need for metaliteracy for digital librarians and digital age library users Chegou ao nosso conhecimento que a lista de refer\u00eancias cont\u00e9m v\u00e1rios artigos que n\u00e3o existem. Como resultado, as descobertas do artigo n\u00e3o podem ser confi\u00e1veis. Retrata\u00e7\u00e3o de artigo em revista de CI. \u00c9 preciso que editores, revisores<\/p><\/div>\n<div class=\"blog-btn\"><a href=\"https:\/\/www.pedroandretta.info\/index\/2024\/12\/retraction-notice-libraries-in-the-metaverse-the-need-for-metaliteracy-for-digital-librarians-and-digital-age-library-users-library-hi-tech-news\/\" class=\"home-blog-btn\">Ler mais<\/a><\/p>\n","protected":false},"author":1,"featured_media":0,"comment_status":"open","ping_status":"open","sticky":false,"template":"","format":"standard","meta":{"_jetpack_memberships_contains_paid_content":false,"footnotes":"","jetpack_publicize_message":"","jetpack_publicize_feature_enabled":true,"jetpack_social_post_already_shared":true,"jetpack_social_options":{"image_generator_settings":{"template":"highway","default_image_id":0,"font":"","enabled":false},"version":2}},"categories":[21],"tags":[2754,1830],"class_list":["post-28401","post","type-post","status-publish","format-standard","hentry","category-informeci","tag-metaverso","tag-retratacao"],"jetpack_publicize_connections":[],"jetpack_featured_media_url":"","views":"","jetpack_sharing_enabled":true,"_links":{"self":[{"href":"https:\/\/www.pedroandretta.info\/index\/wp-json\/wp\/v2\/posts\/28401","targetHints":{"allow":["GET"]}}],"collection":[{"href":"https:\/\/www.pedroandretta.info\/index\/wp-json\/wp\/v2\/posts"}],"about":[{"href":"https:\/\/www.pedroandretta.info\/index\/wp-json\/wp\/v2\/types\/post"}],"author":[{"embeddable":true,"href":"https:\/\/www.pedroandretta.info\/index\/wp-json\/wp\/v2\/users\/1"}],"replies":[{"embeddable":true,"href":"https:\/\/www.pedroandretta.info\/index\/wp-json\/wp\/v2\/comments?post=28401"}],"version-history":[{"count":0,"href":"https:\/\/www.pedroandretta.info\/index\/wp-json\/wp\/v2\/posts\/28401\/revisions"}],"wp:attachment":[{"href":"https:\/\/www.pedroandretta.info\/index\/wp-json\/wp\/v2\/media?parent=28401"}],"wp:term":[{"taxonomy":"category","embeddable":true,"href":"https:\/\/www.pedroandretta.info\/index\/wp-json\/wp\/v2\/categories?post=28401"},{"taxonomy":"post_tag","embeddable":true,"href":"https:\/\/www.pedroandretta.info\/index\/wp-json\/wp\/v2\/tags?post=28401"}],"curies":[{"name":"wp","href":"https:\/\/api.w.org\/{rel}","templated":true}]}}