{"id":28406,"date":"2024-12-24T11:03:59","date_gmt":"2024-12-24T15:03:59","guid":{"rendered":"https:\/\/www.pedroandretta.info\/index\/?p=28406"},"modified":"2024-12-24T11:04:20","modified_gmt":"2024-12-24T15:04:20","slug":"integridade-da-informacao-novas-questoes-para-a-mediacao-da-informacao","status":"publish","type":"post","link":"https:\/\/www.pedroandretta.info\/index\/2024\/12\/integridade-da-informacao-novas-questoes-para-a-mediacao-da-informacao\/","title":{"rendered":"Integridade da informa\u00e7\u00e3o: novas quest\u00f5es para a media\u00e7\u00e3o da informa\u00e7\u00e3o"},"content":{"rendered":"\n<p><strong>Integridade da informa\u00e7\u00e3o: novas quest\u00f5es para a media\u00e7\u00e3o da informa\u00e7\u00e3o<\/strong><\/p>\n\n\n\n<p>Foram identificados alguns elementos que representam um novo problema para a media\u00e7\u00e3o da informa\u00e7\u00e3o, como o foco no fluxo, no que acontece durante a circula\u00e7\u00e3o da informa\u00e7\u00e3o; a inser\u00e7\u00e3o de quest\u00f5es informativas num quadro contextual mais complexo, com diferentes dimens\u00f5es; a associa\u00e7\u00e3o da desinforma\u00e7\u00e3o com outros fen\u00f4menos, como o discurso de \u00f3dio, a economia da aten\u00e7\u00e3o e o modelo de neg\u00f3cio das grandes tecnologias. Conclui-se que a perspectiva da integridade da informa\u00e7\u00e3o n\u00e3o coloca as discuss\u00f5es apenas no \u00e2mbito de um problema funcional, mas considera as demais dimens\u00f5es presentes nos estudos sobre os fen\u00f4menos da desinforma\u00e7\u00e3o.<\/p>\n\n\n\n<p>#IntegridadeDaInforma\u00e7\u00e3o #Media\u00e7\u00e3oDaInforma\u00e7\u00e3o<\/p>\n\n\n\n<p>Dispon\u00edvel em: <a href=\"https:\/\/informatio.fic.edu.uy\/index.php\/informatio\/article\/view\/476\">https:\/\/informatio.fic.edu.uy\/index.php\/informatio\/article\/view\/476<\/a><\/p>\n\n\n\n<figure class=\"wp-block-image size-full\"><img data-recalc-dims=\"1\" decoding=\"async\" width=\"407\" height=\"576\" src=\"https:\/\/i0.wp.com\/www.pedroandretta.info\/index\/wp-content\/uploads\/2024\/12\/image-74.png?resize=407%2C576&#038;ssl=1\" alt=\"\" class=\"wp-image-28407\" srcset=\"https:\/\/i0.wp.com\/www.pedroandretta.info\/index\/wp-content\/uploads\/2024\/12\/image-74.png?w=407&amp;ssl=1 407w, https:\/\/i0.wp.com\/www.pedroandretta.info\/index\/wp-content\/uploads\/2024\/12\/image-74.png?resize=212%2C300&amp;ssl=1 212w\" sizes=\"(max-width: 407px) 100vw, 407px\" \/><\/figure>\n","protected":false},"excerpt":{"rendered":"<p>Integridade da informa\u00e7\u00e3o: novas quest\u00f5es para a media\u00e7\u00e3o da informa\u00e7\u00e3o Foram identificados alguns elementos que representam um novo problema para a media\u00e7\u00e3o da informa\u00e7\u00e3o, como o foco no fluxo, no que acontece durante a circula\u00e7\u00e3o da informa\u00e7\u00e3o; a inser\u00e7\u00e3o de quest\u00f5es informativas num quadro contextual mais complexo, com diferentes dimens\u00f5es; a associa\u00e7\u00e3o da desinforma\u00e7\u00e3o com<\/p><\/div>\n<div class=\"blog-btn\"><a href=\"https:\/\/www.pedroandretta.info\/index\/2024\/12\/integridade-da-informacao-novas-questoes-para-a-mediacao-da-informacao\/\" class=\"home-blog-btn\">Ler mais<\/a><\/p>\n","protected":false},"author":1,"featured_media":0,"comment_status":"open","ping_status":"open","sticky":false,"template":"","format":"standard","meta":{"_jetpack_memberships_contains_paid_content":false,"footnotes":"","jetpack_publicize_message":"","jetpack_publicize_feature_enabled":true,"jetpack_social_post_already_shared":true,"jetpack_social_options":{"image_generator_settings":{"template":"highway","default_image_id":0,"font":"","enabled":false},"version":2}},"categories":[21],"tags":[3709,509],"class_list":["post-28406","post","type-post","status-publish","format-standard","hentry","category-informeci","tag-integridadedainformacao","tag-mediacaodainformacao"],"jetpack_publicize_connections":[],"jetpack_featured_media_url":"","views":"","jetpack_sharing_enabled":true,"_links":{"self":[{"href":"https:\/\/www.pedroandretta.info\/index\/wp-json\/wp\/v2\/posts\/28406","targetHints":{"allow":["GET"]}}],"collection":[{"href":"https:\/\/www.pedroandretta.info\/index\/wp-json\/wp\/v2\/posts"}],"about":[{"href":"https:\/\/www.pedroandretta.info\/index\/wp-json\/wp\/v2\/types\/post"}],"author":[{"embeddable":true,"href":"https:\/\/www.pedroandretta.info\/index\/wp-json\/wp\/v2\/users\/1"}],"replies":[{"embeddable":true,"href":"https:\/\/www.pedroandretta.info\/index\/wp-json\/wp\/v2\/comments?post=28406"}],"version-history":[{"count":0,"href":"https:\/\/www.pedroandretta.info\/index\/wp-json\/wp\/v2\/posts\/28406\/revisions"}],"wp:attachment":[{"href":"https:\/\/www.pedroandretta.info\/index\/wp-json\/wp\/v2\/media?parent=28406"}],"wp:term":[{"taxonomy":"category","embeddable":true,"href":"https:\/\/www.pedroandretta.info\/index\/wp-json\/wp\/v2\/categories?post=28406"},{"taxonomy":"post_tag","embeddable":true,"href":"https:\/\/www.pedroandretta.info\/index\/wp-json\/wp\/v2\/tags?post=28406"}],"curies":[{"name":"wp","href":"https:\/\/api.w.org\/{rel}","templated":true}]}}