{"id":28415,"date":"2024-12-26T11:55:20","date_gmt":"2024-12-26T15:55:20","guid":{"rendered":"https:\/\/www.pedroandretta.info\/index\/?p=28415"},"modified":"2024-12-26T11:55:25","modified_gmt":"2024-12-26T15:55:25","slug":"os-idosos-viciados-em-redes-sociais-desligamos-o-wi-fi-da-minha-mae-bbc","status":"publish","type":"post","link":"https:\/\/www.pedroandretta.info\/index\/2024\/12\/os-idosos-viciados-em-redes-sociais-desligamos-o-wi-fi-da-minha-mae-bbc\/","title":{"rendered":"Os idosos viciados em redes sociais: &#8216;Desligamos o wi-fi da minha m\u00e3e&#8217; \/ BBC"},"content":{"rendered":"\n<p><strong>Os idosos viciados em redes sociais: &#8216;Desligamos o wi-fi da minha m\u00e3e&#8217;<\/strong><\/p>\n\n\n\n<p>&#8220;A gente imaginava que os idosos teriam uma avers\u00e3o \u00e0 tecnologia, pela dificuldade de mexer ou por um leve decl\u00ednio cognitivo natural, que seriam uma barreira para um relacionamento positivo com esses aparelhos&#8221;, diz Santos, que analisou 142 artigos publicados sobre pesquisas que, reunidas, envolvem 2 milh\u00f5es de pessoas no mundo.<\/p>\n\n\n\n<p>&#8220;Mas o que a gente encontrou \u00e9 que as pessoas est\u00e3o t\u00e3o apegadas a ponto de desenvolver essa ansiedade generalizada de ficar desconectado [a nomofobia].&#8221;<\/p>\n\n\n\n<p>#Nomofobia #BrainRot #Idosos<\/p>\n\n\n\n<p>via BBC<\/p>\n\n\n\n<p>Dispon\u00edvel em: <a href=\"https:\/\/www.bbc.com\/portuguese\/articles\/c8788g0yp7lo\">https:\/\/www.bbc.com\/portuguese\/articles\/c8788g0yp7lo<\/a><\/p>\n\n\n\n<figure class=\"wp-block-image size-full\"><img data-recalc-dims=\"1\" decoding=\"async\" width=\"533\" height=\"344\" src=\"https:\/\/i0.wp.com\/www.pedroandretta.info\/index\/wp-content\/uploads\/2024\/12\/image-75.png?resize=533%2C344&#038;ssl=1\" alt=\"\" class=\"wp-image-28416\" srcset=\"https:\/\/i0.wp.com\/www.pedroandretta.info\/index\/wp-content\/uploads\/2024\/12\/image-75.png?w=533&amp;ssl=1 533w, https:\/\/i0.wp.com\/www.pedroandretta.info\/index\/wp-content\/uploads\/2024\/12\/image-75.png?resize=300%2C194&amp;ssl=1 300w\" sizes=\"(max-width: 533px) 100vw, 533px\" \/><\/figure>\n","protected":false},"excerpt":{"rendered":"<p>Os idosos viciados em redes sociais: &#8216;Desligamos o wi-fi da minha m\u00e3e&#8217; &#8220;A gente imaginava que os idosos teriam uma avers\u00e3o \u00e0 tecnologia, pela dificuldade de mexer ou por um leve decl\u00ednio cognitivo natural, que seriam uma barreira para um relacionamento positivo com esses aparelhos&#8221;, diz Santos, que analisou 142 artigos publicados sobre pesquisas que,<\/p><\/div>\n<div class=\"blog-btn\"><a href=\"https:\/\/www.pedroandretta.info\/index\/2024\/12\/os-idosos-viciados-em-redes-sociais-desligamos-o-wi-fi-da-minha-mae-bbc\/\" class=\"home-blog-btn\">Ler mais<\/a><\/p>\n","protected":false},"author":1,"featured_media":0,"comment_status":"open","ping_status":"open","sticky":false,"template":"","format":"standard","meta":{"_jetpack_newsletter_access":"","_jetpack_dont_email_post_to_subs":false,"_jetpack_newsletter_tier_id":0,"_jetpack_memberships_contains_paywalled_content":false,"_jetpack_feature_clip_id":0,"_jetpack_memberships_contains_paid_content":false,"footnotes":"","jetpack_publicize_message":"","jetpack_publicize_feature_enabled":true,"jetpack_social_post_already_shared":true,"jetpack_social_options":{"image_generator_settings":{"template":"highway","default_image_id":0,"font":"","enabled":false},"version":2},"jetpack_post_was_ever_published":false},"categories":[21],"tags":[3717,1057,3391],"class_list":["post-28415","post","type-post","status-publish","format-standard","hentry","category-informeci","tag-brainrot","tag-idosos","tag-nomofobia"],"jetpack_publicize_connections":[],"jetpack_featured_media_url":"","views":"","jetpack_sharing_enabled":true,"_links":{"self":[{"href":"https:\/\/www.pedroandretta.info\/index\/wp-json\/wp\/v2\/posts\/28415","targetHints":{"allow":["GET"]}}],"collection":[{"href":"https:\/\/www.pedroandretta.info\/index\/wp-json\/wp\/v2\/posts"}],"about":[{"href":"https:\/\/www.pedroandretta.info\/index\/wp-json\/wp\/v2\/types\/post"}],"author":[{"embeddable":true,"href":"https:\/\/www.pedroandretta.info\/index\/wp-json\/wp\/v2\/users\/1"}],"replies":[{"embeddable":true,"href":"https:\/\/www.pedroandretta.info\/index\/wp-json\/wp\/v2\/comments?post=28415"}],"version-history":[{"count":0,"href":"https:\/\/www.pedroandretta.info\/index\/wp-json\/wp\/v2\/posts\/28415\/revisions"}],"wp:attachment":[{"href":"https:\/\/www.pedroandretta.info\/index\/wp-json\/wp\/v2\/media?parent=28415"}],"wp:term":[{"taxonomy":"category","embeddable":true,"href":"https:\/\/www.pedroandretta.info\/index\/wp-json\/wp\/v2\/categories?post=28415"},{"taxonomy":"post_tag","embeddable":true,"href":"https:\/\/www.pedroandretta.info\/index\/wp-json\/wp\/v2\/tags?post=28415"}],"curies":[{"name":"wp","href":"https:\/\/api.w.org\/{rel}","templated":true}]}}