{"id":28418,"date":"2024-12-26T12:01:05","date_gmt":"2024-12-26T16:01:05","guid":{"rendered":"https:\/\/www.pedroandretta.info\/index\/?p=28418"},"modified":"2024-12-26T12:01:10","modified_gmt":"2024-12-26T16:01:10","slug":"streaming-gratuito-lanca-colecao-de-direitos-humanos-revista-educacao","status":"publish","type":"post","link":"https:\/\/www.pedroandretta.info\/index\/2024\/12\/streaming-gratuito-lanca-colecao-de-direitos-humanos-revista-educacao\/","title":{"rendered":"Streaming gratuito lan\u00e7a cole\u00e7\u00e3o de direitos humanos \/ Revista Educa\u00e7\u00e3o"},"content":{"rendered":"\n<p><strong>Streaming gratuito lan\u00e7a cole\u00e7\u00e3o de direitos humanos<\/strong><\/p>\n\n\n\n<p>Colet\u00e2nea do Ita\u00fa Cultural Play cont\u00e9m 13 document\u00e1rios, fic\u00e7\u00f5es e anima\u00e7\u00f5es que destacam as lutas de diversos setores da sociedade brasileira na busca pela dignidade e liberdade, entre eles, \u2018Carandiru\u2019 e \u2018Cabra marcado para morrer\u2019<\/p>\n\n\n\n<p>#Streaming #DireitosHumanos<\/p>\n\n\n\n<p>via Revista Educa\u00e7\u00e3o<\/p>\n\n\n\n<p>Dispon\u00edvel em: <a href=\"https:\/\/revistaeducacao.com.br\/2024\/12\/25\/streaming-gratuito-direitos-humanos\/\">https:\/\/revistaeducacao.com.br\/2024\/12\/25\/streaming-gratuito-direitos-humanos\/<\/a><\/p>\n\n\n\n<figure class=\"wp-block-image size-large\"><img data-recalc-dims=\"1\" decoding=\"async\" width=\"600\" height=\"286\" src=\"https:\/\/i0.wp.com\/www.pedroandretta.info\/index\/wp-content\/uploads\/2024\/12\/image-76.png?resize=600%2C286&#038;ssl=1\" alt=\"\" class=\"wp-image-28419\" srcset=\"https:\/\/i0.wp.com\/www.pedroandretta.info\/index\/wp-content\/uploads\/2024\/12\/image-76.png?resize=600%2C286&amp;ssl=1 600w, https:\/\/i0.wp.com\/www.pedroandretta.info\/index\/wp-content\/uploads\/2024\/12\/image-76.png?resize=300%2C143&amp;ssl=1 300w, https:\/\/i0.wp.com\/www.pedroandretta.info\/index\/wp-content\/uploads\/2024\/12\/image-76.png?resize=768%2C366&amp;ssl=1 768w, https:\/\/i0.wp.com\/www.pedroandretta.info\/index\/wp-content\/uploads\/2024\/12\/image-76.png?resize=1320%2C629&amp;ssl=1 1320w, https:\/\/i0.wp.com\/www.pedroandretta.info\/index\/wp-content\/uploads\/2024\/12\/image-76.png?w=1349&amp;ssl=1 1349w\" sizes=\"(max-width: 600px) 100vw, 600px\" \/><\/figure>\n","protected":false},"excerpt":{"rendered":"<p>Streaming gratuito lan\u00e7a cole\u00e7\u00e3o de direitos humanos Colet\u00e2nea do Ita\u00fa Cultural Play cont\u00e9m 13 document\u00e1rios, fic\u00e7\u00f5es e anima\u00e7\u00f5es que destacam as lutas de diversos setores da sociedade brasileira na busca pela dignidade e liberdade, entre eles, \u2018Carandiru\u2019 e \u2018Cabra marcado para morrer\u2019 #Streaming #DireitosHumanos via Revista Educa\u00e7\u00e3o Dispon\u00edvel em: https:\/\/revistaeducacao.com.br\/2024\/12\/25\/streaming-gratuito-direitos-humanos\/<\/p>\n","protected":false},"author":1,"featured_media":0,"comment_status":"open","ping_status":"open","sticky":false,"template":"","format":"standard","meta":{"_jetpack_newsletter_access":"","_jetpack_dont_email_post_to_subs":false,"_jetpack_newsletter_tier_id":0,"_jetpack_memberships_contains_paywalled_content":false,"_jetpack_feature_clip_id":0,"_jetpack_memberships_contains_paid_content":false,"footnotes":"","jetpack_publicize_message":"","jetpack_publicize_feature_enabled":true,"jetpack_social_post_already_shared":true,"jetpack_social_options":{"image_generator_settings":{"template":"highway","default_image_id":0,"font":"","enabled":false},"version":2},"jetpack_post_was_ever_published":false},"categories":[21],"tags":[1065,1005],"class_list":["post-28418","post","type-post","status-publish","format-standard","hentry","category-informeci","tag-direitoshumanos","tag-streaming"],"jetpack_publicize_connections":[],"jetpack_featured_media_url":"","views":"","jetpack_sharing_enabled":true,"_links":{"self":[{"href":"https:\/\/www.pedroandretta.info\/index\/wp-json\/wp\/v2\/posts\/28418","targetHints":{"allow":["GET"]}}],"collection":[{"href":"https:\/\/www.pedroandretta.info\/index\/wp-json\/wp\/v2\/posts"}],"about":[{"href":"https:\/\/www.pedroandretta.info\/index\/wp-json\/wp\/v2\/types\/post"}],"author":[{"embeddable":true,"href":"https:\/\/www.pedroandretta.info\/index\/wp-json\/wp\/v2\/users\/1"}],"replies":[{"embeddable":true,"href":"https:\/\/www.pedroandretta.info\/index\/wp-json\/wp\/v2\/comments?post=28418"}],"version-history":[{"count":0,"href":"https:\/\/www.pedroandretta.info\/index\/wp-json\/wp\/v2\/posts\/28418\/revisions"}],"wp:attachment":[{"href":"https:\/\/www.pedroandretta.info\/index\/wp-json\/wp\/v2\/media?parent=28418"}],"wp:term":[{"taxonomy":"category","embeddable":true,"href":"https:\/\/www.pedroandretta.info\/index\/wp-json\/wp\/v2\/categories?post=28418"},{"taxonomy":"post_tag","embeddable":true,"href":"https:\/\/www.pedroandretta.info\/index\/wp-json\/wp\/v2\/tags?post=28418"}],"curies":[{"name":"wp","href":"https:\/\/api.w.org\/{rel}","templated":true}]}}