{"id":2845,"date":"2019-11-19T18:33:03","date_gmt":"2019-11-19T18:33:03","guid":{"rendered":"https:\/\/www.pedroandretta.info\/index\/?p=2845"},"modified":"2019-11-19T18:33:03","modified_gmt":"2019-11-19T18:33:03","slug":"censo-da-educacao-superior-de-400-mil-professores-universitarios-avaliados-em","status":"publish","type":"post","link":"https:\/\/www.pedroandretta.info\/index\/2019\/11\/censo-da-educacao-superior-de-400-mil-professores-universitarios-avaliados-em\/","title":{"rendered":"Censo da Educa\u00e7\u00e3o Superior: de +-400 mil professores universit\u00e1rios avaliados em&#8230;"},"content":{"rendered":"<p>[ad_1]<br \/>\n<img decoding=\"async\" src=\"https:\/\/www.unicamp.br\"\/><\/p>\n<blockquote class=\"twitter-tweet\">\n<p lang=\"pt\" dir=\"ltr\">Censo da Educa\u00e7\u00e3o Superior: de +-400 mil professores universit\u00e1rios avaliados em 2016, 16% identificavam-se como pretos e pardos. Os que tinham conclu\u00eddo o mestrado eram 23%, 17,6% eram doutores. <a target=\"_blank\" href=\"https:\/\/twitter.com\/hashtag\/Racismo?src=hash&amp;ref_src=twsrc%5Etfw\" rel=\"noopener noreferrer\">#Racismo<\/a> no mundo acad\u00eamico | \u2066\u2066<a target=\"_blank\" href=\"https:\/\/twitter.com\/unicampoficial?ref_src=twsrc%5Etfw\" rel=\"noopener noreferrer\">@unicampoficial<\/a>\u2069  <a target=\"_blank\" href=\"https:\/\/t.co\/2DvNG6bYXd\" rel=\"noopener noreferrer\">https:\/\/t.co\/2DvNG6bYXd<\/a><\/p>\n<p>&mdash; Pedro Andretta (@andretta_pedro) <a target=\"_blank\" href=\"https:\/\/twitter.com\/andretta_pedro\/status\/1196858944699994113?ref_src=twsrc%5Etfw\" rel=\"noopener noreferrer\">November 19, 2019<\/a><\/p><\/blockquote>\n<p><script async src=\"https:\/\/platform.twitter.com\/widgets.js\" charset=\"utf-8\"><\/script><\/p>\n<p>[ad_2]<br \/>\n<br \/><a href=\"https:\/\/twitter.com\/andretta_pedro\/statuses\/1196858944699994113\">Source<\/a> by <a href=\"https:\/\/t.co\/MfIsGWjH1p\">Pedro Andretta<\/a><\/p>\n","protected":false},"excerpt":{"rendered":"<p>[ad_1] Censo da Educa\u00e7\u00e3o Superior: de +-400 mil professores universit\u00e1rios avaliados em 2016, 16% identificavam-se como pretos e pardos. Os que tinham conclu\u00eddo o mestrado eram 23%, 17,6% eram doutores. #Racismo no mundo acad\u00eamico | \u2066\u2066@unicampoficial\u2069 https:\/\/t.co\/2DvNG6bYXd &mdash; Pedro Andretta (@andretta_pedro) November 19, 2019 [ad_2] Source by Pedro Andretta<\/p>\n","protected":false},"author":1,"featured_media":0,"comment_status":"closed","ping_status":"open","sticky":false,"template":"","format":"standard","meta":{"_jetpack_memberships_contains_paid_content":false,"footnotes":"","jetpack_publicize_message":"","jetpack_publicize_feature_enabled":true,"jetpack_social_post_already_shared":false,"jetpack_social_options":{"image_generator_settings":{"template":"highway","default_image_id":0,"font":"","enabled":false},"version":2}},"categories":[21],"tags":[247],"class_list":["post-2845","post","type-post","status-publish","format-standard","hentry","category-informeci","tag-racismo"],"jetpack_publicize_connections":[],"jetpack_featured_media_url":"","views":"","jetpack_sharing_enabled":true,"_links":{"self":[{"href":"https:\/\/www.pedroandretta.info\/index\/wp-json\/wp\/v2\/posts\/2845","targetHints":{"allow":["GET"]}}],"collection":[{"href":"https:\/\/www.pedroandretta.info\/index\/wp-json\/wp\/v2\/posts"}],"about":[{"href":"https:\/\/www.pedroandretta.info\/index\/wp-json\/wp\/v2\/types\/post"}],"author":[{"embeddable":true,"href":"https:\/\/www.pedroandretta.info\/index\/wp-json\/wp\/v2\/users\/1"}],"replies":[{"embeddable":true,"href":"https:\/\/www.pedroandretta.info\/index\/wp-json\/wp\/v2\/comments?post=2845"}],"version-history":[{"count":0,"href":"https:\/\/www.pedroandretta.info\/index\/wp-json\/wp\/v2\/posts\/2845\/revisions"}],"wp:attachment":[{"href":"https:\/\/www.pedroandretta.info\/index\/wp-json\/wp\/v2\/media?parent=2845"}],"wp:term":[{"taxonomy":"category","embeddable":true,"href":"https:\/\/www.pedroandretta.info\/index\/wp-json\/wp\/v2\/categories?post=2845"},{"taxonomy":"post_tag","embeddable":true,"href":"https:\/\/www.pedroandretta.info\/index\/wp-json\/wp\/v2\/tags?post=2845"}],"curies":[{"name":"wp","href":"https:\/\/api.w.org\/{rel}","templated":true}]}}