{"id":2852,"date":"2019-11-12T20:29:23","date_gmt":"2019-11-12T20:29:23","guid":{"rendered":"https:\/\/www.pedroandretta.info\/index\/?p=2852"},"modified":"2019-11-12T20:29:23","modified_gmt":"2019-11-12T20:29:23","slug":"o-acesso-a-internet-nao-e-um-luxo-mas-um-direito-humano-moral-e-todos-deveriam","status":"publish","type":"post","link":"https:\/\/www.pedroandretta.info\/index\/2019\/11\/o-acesso-a-internet-nao-e-um-luxo-mas-um-direito-humano-moral-e-todos-deveriam\/","title":{"rendered":"\u201cO acesso \u00e0 Internet n\u00e3o \u00e9 um luxo, mas um direito humano moral e todos deveriam&#8230;"},"content":{"rendered":"<p>[ad_1]<br \/>\n<img data-recalc-dims=\"1\" decoding=\"async\" src=\"https:\/\/i0.wp.com\/img.olhardigital.com.br\/uploads\/acervo_imagens\/2019\/08\/20190814074509.jpg?w=696&#038;ssl=1\"\/><\/p>\n<blockquote class=\"twitter-tweet\">\n<p lang=\"pt\" dir=\"ltr\">\u201cO acesso \u00e0 Internet n\u00e3o \u00e9 um luxo, mas um direito humano moral e todos deveriam ter acesso n\u00e3o monitorado e sem censura a esse meio global &#8211; fornecido gratuitamente [&#8230;.]\u201d, comentou o Dr. Reglitz <a target=\"_blank\" href=\"https:\/\/twitter.com\/PTRBirmingham?ref_src=twsrc%5Etfw\" rel=\"noopener noreferrer\">@PTRBirmingham<\/a>  <a target=\"_blank\" href=\"https:\/\/t.co\/IKxbayJ23T\" rel=\"noopener noreferrer\">https:\/\/t.co\/IKxbayJ23T<\/a><\/p>\n<p>&mdash; Pedro Andretta (@andretta_pedro) <a target=\"_blank\" href=\"https:\/\/twitter.com\/andretta_pedro\/status\/1194351503382863873?ref_src=twsrc%5Etfw\" rel=\"noopener noreferrer\">November 12, 2019<\/a><\/p><\/blockquote>\n<p><script async src=\"https:\/\/platform.twitter.com\/widgets.js\" charset=\"utf-8\"><\/script><\/p>\n<p>[ad_2]<br \/>\n<br \/><a href=\"https:\/\/twitter.com\/andretta_pedro\/statuses\/1194351503382863873\">Source<\/a> by <a href=\"https:\/\/t.co\/MfIsGWjH1p\">Pedro Andretta<\/a><\/p>\n","protected":false},"excerpt":{"rendered":"<p>[ad_1] \u201cO acesso \u00e0 Internet n\u00e3o \u00e9 um luxo, mas um direito humano moral e todos deveriam ter acesso n\u00e3o monitorado e sem censura a esse meio global &#8211; fornecido gratuitamente [&#8230;.]\u201d, comentou o Dr. Reglitz @PTRBirmingham https:\/\/t.co\/IKxbayJ23T &mdash; Pedro Andretta (@andretta_pedro) November 12, 2019 [ad_2] Source by Pedro Andretta<\/p>\n","protected":false},"author":1,"featured_media":2853,"comment_status":"closed","ping_status":"open","sticky":false,"template":"","format":"standard","meta":{"_jetpack_memberships_contains_paid_content":false,"footnotes":"","jetpack_publicize_message":"","jetpack_publicize_feature_enabled":true,"jetpack_social_post_already_shared":false,"jetpack_social_options":{"image_generator_settings":{"template":"highway","default_image_id":0,"font":"","enabled":false},"version":2}},"categories":[21],"tags":[],"class_list":["post-2852","post","type-post","status-publish","format-standard","has-post-thumbnail","hentry","category-informeci"],"jetpack_publicize_connections":[],"jetpack_featured_media_url":"https:\/\/i0.wp.com\/www.pedroandretta.info\/index\/wp-content\/uploads\/2019\/12\/20190814074509.jpg?fit=1200%2C763&ssl=1","views":"","jetpack_sharing_enabled":true,"_links":{"self":[{"href":"https:\/\/www.pedroandretta.info\/index\/wp-json\/wp\/v2\/posts\/2852","targetHints":{"allow":["GET"]}}],"collection":[{"href":"https:\/\/www.pedroandretta.info\/index\/wp-json\/wp\/v2\/posts"}],"about":[{"href":"https:\/\/www.pedroandretta.info\/index\/wp-json\/wp\/v2\/types\/post"}],"author":[{"embeddable":true,"href":"https:\/\/www.pedroandretta.info\/index\/wp-json\/wp\/v2\/users\/1"}],"replies":[{"embeddable":true,"href":"https:\/\/www.pedroandretta.info\/index\/wp-json\/wp\/v2\/comments?post=2852"}],"version-history":[{"count":0,"href":"https:\/\/www.pedroandretta.info\/index\/wp-json\/wp\/v2\/posts\/2852\/revisions"}],"wp:featuredmedia":[{"embeddable":true,"href":"https:\/\/www.pedroandretta.info\/index\/wp-json\/wp\/v2\/media\/2853"}],"wp:attachment":[{"href":"https:\/\/www.pedroandretta.info\/index\/wp-json\/wp\/v2\/media?parent=2852"}],"wp:term":[{"taxonomy":"category","embeddable":true,"href":"https:\/\/www.pedroandretta.info\/index\/wp-json\/wp\/v2\/categories?post=2852"},{"taxonomy":"post_tag","embeddable":true,"href":"https:\/\/www.pedroandretta.info\/index\/wp-json\/wp\/v2\/tags?post=2852"}],"curies":[{"name":"wp","href":"https:\/\/api.w.org\/{rel}","templated":true}]}}