{"id":2862,"date":"2019-11-13T19:34:35","date_gmt":"2019-11-13T19:34:35","guid":{"rendered":"https:\/\/www.pedroandretta.info\/index\/?p=2862"},"modified":"2019-11-13T19:34:35","modified_gmt":"2019-11-13T19:34:35","slug":"sobre-bibliotecas-sem-bibliotecarios-fala-do-prof-claudio-marcondes-da-usp-e","status":"publish","type":"post","link":"https:\/\/www.pedroandretta.info\/index\/2019\/11\/sobre-bibliotecas-sem-bibliotecarios-fala-do-prof-claudio-marcondes-da-usp-e\/","title":{"rendered":"Sobre #Bibliotecas sem #bibliotec\u00e1rios . Fala do Prof Claudio Marcondes da USP e&#8230;"},"content":{"rendered":"<p>[ad_1]<br \/>\n<img data-recalc-dims=\"1\" decoding=\"async\" src=\"https:\/\/i0.wp.com\/www.faxaju.com.br\/wp-content\/uploads\/2019\/11\/7-17.jpeg?w=696\"\/><\/p>\n<blockquote class=\"twitter-tweet\">\n<p lang=\"pt\" dir=\"ltr\">Sobre <a target=\"_blank\" href=\"https:\/\/twitter.com\/hashtag\/Bibliotecas?src=hash&amp;ref_src=twsrc%5Etfw\" rel=\"noopener noreferrer\">#Bibliotecas<\/a> sem <a target=\"_blank\" href=\"https:\/\/twitter.com\/hashtag\/bibliotec%C3%A1rios?src=hash&amp;ref_src=twsrc%5Etfw\" rel=\"noopener noreferrer\">#bibliotec\u00e1rios<\/a> . Fala do Prof Claudio Marcondes da USP em Sergipe.  \u201c\u00c9 como um hospital sem m\u00e9dico. Os pacientes ser\u00e3o atendidos? \u00c9 um agravante n\u00e3o ter nas secretarias municipais e estaduais a figura do bibliotec\u00e1rio [&#8230;.]\u201d <a target=\"_blank\" href=\"https:\/\/t.co\/wEt3FAdLJQ\" rel=\"noopener noreferrer\">https:\/\/t.co\/wEt3FAdLJQ<\/a><\/p>\n<p>&mdash; Pedro Andretta (@andretta_pedro) <a target=\"_blank\" href=\"https:\/\/twitter.com\/andretta_pedro\/status\/1194700104244043779?ref_src=twsrc%5Etfw\" rel=\"noopener noreferrer\">November 13, 2019<\/a><\/p><\/blockquote>\n<p><script async src=\"https:\/\/platform.twitter.com\/widgets.js\" charset=\"utf-8\"><\/script><\/p>\n<p>[ad_2]<br \/>\n<br \/><a href=\"https:\/\/twitter.com\/andretta_pedro\/statuses\/1194700104244043779\">Source<\/a> by <a href=\"https:\/\/t.co\/MfIsGWjH1p\">Pedro Andretta<\/a><\/p>\n","protected":false},"excerpt":{"rendered":"<p>[ad_1] Sobre #Bibliotecas sem #bibliotec\u00e1rios . Fala do Prof Claudio Marcondes da USP em Sergipe. \u201c\u00c9 como um hospital sem m\u00e9dico. Os pacientes ser\u00e3o atendidos? \u00c9 um agravante n\u00e3o ter nas secretarias municipais e estaduais a figura do bibliotec\u00e1rio [&#8230;.]\u201d https:\/\/t.co\/wEt3FAdLJQ &mdash; Pedro Andretta (@andretta_pedro) November 13, 2019 [ad_2] Source by Pedro Andretta<\/p>\n","protected":false},"author":1,"featured_media":2863,"comment_status":"closed","ping_status":"open","sticky":false,"template":"","format":"standard","meta":{"_jetpack_memberships_contains_paid_content":false,"footnotes":"","jetpack_publicize_message":"","jetpack_publicize_feature_enabled":true,"jetpack_social_post_already_shared":false,"jetpack_social_options":{"image_generator_settings":{"template":"highway","default_image_id":0,"font":"","enabled":false},"version":2}},"categories":[21],"tags":[22,38],"class_list":["post-2862","post","type-post","status-publish","format-standard","has-post-thumbnail","hentry","category-informeci","tag-bibliotecarios","tag-bibliotecas"],"jetpack_publicize_connections":[],"jetpack_featured_media_url":"https:\/\/i0.wp.com\/www.pedroandretta.info\/index\/wp-content\/uploads\/2019\/12\/7-17.jpeg?fit=800%2C533&ssl=1","views":"","jetpack_sharing_enabled":true,"_links":{"self":[{"href":"https:\/\/www.pedroandretta.info\/index\/wp-json\/wp\/v2\/posts\/2862","targetHints":{"allow":["GET"]}}],"collection":[{"href":"https:\/\/www.pedroandretta.info\/index\/wp-json\/wp\/v2\/posts"}],"about":[{"href":"https:\/\/www.pedroandretta.info\/index\/wp-json\/wp\/v2\/types\/post"}],"author":[{"embeddable":true,"href":"https:\/\/www.pedroandretta.info\/index\/wp-json\/wp\/v2\/users\/1"}],"replies":[{"embeddable":true,"href":"https:\/\/www.pedroandretta.info\/index\/wp-json\/wp\/v2\/comments?post=2862"}],"version-history":[{"count":0,"href":"https:\/\/www.pedroandretta.info\/index\/wp-json\/wp\/v2\/posts\/2862\/revisions"}],"wp:featuredmedia":[{"embeddable":true,"href":"https:\/\/www.pedroandretta.info\/index\/wp-json\/wp\/v2\/media\/2863"}],"wp:attachment":[{"href":"https:\/\/www.pedroandretta.info\/index\/wp-json\/wp\/v2\/media?parent=2862"}],"wp:term":[{"taxonomy":"category","embeddable":true,"href":"https:\/\/www.pedroandretta.info\/index\/wp-json\/wp\/v2\/categories?post=2862"},{"taxonomy":"post_tag","embeddable":true,"href":"https:\/\/www.pedroandretta.info\/index\/wp-json\/wp\/v2\/tags?post=2862"}],"curies":[{"name":"wp","href":"https:\/\/api.w.org\/{rel}","templated":true}]}}