{"id":28658,"date":"2025-01-12T18:52:35","date_gmt":"2025-01-12T22:52:35","guid":{"rendered":"https:\/\/www.pedroandretta.info\/index\/?p=28658"},"modified":"2025-01-12T18:52:38","modified_gmt":"2025-01-12T22:52:38","slug":"da-definicao-de-poder-de-foucault-e-do-governo-dos-algoritmos-flup","status":"publish","type":"post","link":"https:\/\/www.pedroandretta.info\/index\/2025\/01\/da-definicao-de-poder-de-foucault-e-do-governo-dos-algoritmos-flup\/","title":{"rendered":"Da defini\u00e7\u00e3o de Poder de Foucault e do governo dos algoritmos \/ FLUP"},"content":{"rendered":"\n<p><strong>Da defini\u00e7\u00e3o de Poder de Foucault e do governo dos algoritmos<\/strong><\/p>\n\n\n\n<p>presente disserta\u00e7\u00e3o examina a influ\u00eancia da Tecnologia da Informa\u00e7\u00e3o (TI) nas rela\u00e7\u00f5es de poder, governan\u00e7a e forma\u00e7\u00e3o da subjetividade por meio da filosofia de Foucault. Baseando-se no semin\u00e1rio A Tecnologia Pol\u00edtica dos Indiv\u00edduos, de Foucault, encontramos uma das quest\u00f5es centrais do fil\u00f3sofo, a saber: \u201cO que somos hoje?\u201d. A partir das vias, conceitos e m\u00e9todos, que ele utiliza para responder esta quest\u00e3o, vamos analisar os espa\u00e7os digitais e como estes desempenham um papel crucial na defini\u00e7\u00e3o do \u201ceu\u201d contempor\u00e2neo.<\/p>\n\n\n\n<p>#Subjetividade #Foucault #Algor\u00edtmos<\/p>\n\n\n\n<p>Dispon\u00edvel em: <a href=\"https:\/\/repositorio-aberto.up.pt\/handle\/10216\/164676\">https:\/\/repositorio-aberto.up.pt\/handle\/10216\/164676<\/a><\/p>\n\n\n\n<figure class=\"wp-block-image size-full\"><img data-recalc-dims=\"1\" decoding=\"async\" width=\"359\" height=\"530\" src=\"https:\/\/i0.wp.com\/www.pedroandretta.info\/index\/wp-content\/uploads\/2025\/01\/image-28.png?resize=359%2C530&#038;ssl=1\" alt=\"\" class=\"wp-image-28659\" srcset=\"https:\/\/i0.wp.com\/www.pedroandretta.info\/index\/wp-content\/uploads\/2025\/01\/image-28.png?w=359&amp;ssl=1 359w, https:\/\/i0.wp.com\/www.pedroandretta.info\/index\/wp-content\/uploads\/2025\/01\/image-28.png?resize=203%2C300&amp;ssl=1 203w\" sizes=\"(max-width: 359px) 100vw, 359px\" \/><\/figure>\n","protected":false},"excerpt":{"rendered":"<p>Da defini\u00e7\u00e3o de Poder de Foucault e do governo dos algoritmos presente disserta\u00e7\u00e3o examina a influ\u00eancia da Tecnologia da Informa\u00e7\u00e3o (TI) nas rela\u00e7\u00f5es de poder, governan\u00e7a e forma\u00e7\u00e3o da subjetividade por meio da filosofia de Foucault. Baseando-se no semin\u00e1rio A Tecnologia Pol\u00edtica dos Indiv\u00edduos, de Foucault, encontramos uma das quest\u00f5es centrais do fil\u00f3sofo, a saber:<\/p><\/div>\n<div class=\"blog-btn\"><a href=\"https:\/\/www.pedroandretta.info\/index\/2025\/01\/da-definicao-de-poder-de-foucault-e-do-governo-dos-algoritmos-flup\/\" class=\"home-blog-btn\">Ler mais<\/a><\/p>\n","protected":false},"author":1,"featured_media":0,"comment_status":"open","ping_status":"open","sticky":false,"template":"","format":"standard","meta":{"_jetpack_memberships_contains_paid_content":false,"footnotes":"","jetpack_publicize_message":"","jetpack_publicize_feature_enabled":true,"jetpack_social_post_already_shared":true,"jetpack_social_options":{"image_generator_settings":{"template":"highway","default_image_id":0,"font":"","enabled":false},"version":2}},"categories":[21],"tags":[946,1404,3772],"class_list":["post-28658","post","type-post","status-publish","format-standard","hentry","category-informeci","tag-algoritmos","tag-foucault","tag-subjetividade"],"jetpack_publicize_connections":[],"jetpack_featured_media_url":"","views":"","jetpack_sharing_enabled":true,"_links":{"self":[{"href":"https:\/\/www.pedroandretta.info\/index\/wp-json\/wp\/v2\/posts\/28658","targetHints":{"allow":["GET"]}}],"collection":[{"href":"https:\/\/www.pedroandretta.info\/index\/wp-json\/wp\/v2\/posts"}],"about":[{"href":"https:\/\/www.pedroandretta.info\/index\/wp-json\/wp\/v2\/types\/post"}],"author":[{"embeddable":true,"href":"https:\/\/www.pedroandretta.info\/index\/wp-json\/wp\/v2\/users\/1"}],"replies":[{"embeddable":true,"href":"https:\/\/www.pedroandretta.info\/index\/wp-json\/wp\/v2\/comments?post=28658"}],"version-history":[{"count":0,"href":"https:\/\/www.pedroandretta.info\/index\/wp-json\/wp\/v2\/posts\/28658\/revisions"}],"wp:attachment":[{"href":"https:\/\/www.pedroandretta.info\/index\/wp-json\/wp\/v2\/media?parent=28658"}],"wp:term":[{"taxonomy":"category","embeddable":true,"href":"https:\/\/www.pedroandretta.info\/index\/wp-json\/wp\/v2\/categories?post=28658"},{"taxonomy":"post_tag","embeddable":true,"href":"https:\/\/www.pedroandretta.info\/index\/wp-json\/wp\/v2\/tags?post=28658"}],"curies":[{"name":"wp","href":"https:\/\/api.w.org\/{rel}","templated":true}]}}