{"id":2866,"date":"2019-11-14T22:08:46","date_gmt":"2019-11-14T22:08:46","guid":{"rendered":"https:\/\/www.pedroandretta.info\/index\/?p=2866"},"modified":"2019-11-14T22:08:46","modified_gmt":"2019-11-14T22:08:46","slug":"saiu-o-resultado-do-premio-de-boas-praticas-em-bibliotecas-publicas-municipais","status":"publish","type":"post","link":"https:\/\/www.pedroandretta.info\/index\/2019\/11\/saiu-o-resultado-do-premio-de-boas-praticas-em-bibliotecas-publicas-municipais\/","title":{"rendered":"Saiu o resultado do Pr\u00e9mio de Boas Pr\u00e1ticas em Bibliotecas P\u00fablicas Municipais (&#8230;"},"content":{"rendered":"<p>[ad_1]<\/p>\n<blockquote class=\"twitter-tweet\">\n<p lang=\"pt\" dir=\"ltr\">Saiu o resultado do Pr\u00e9mio de Boas Pr\u00e1ticas em Bibliotecas P\u00fablicas Municipais (de Portugal). Ganhou o projeto <a target=\"_blank\" href=\"https:\/\/twitter.com\/hashtag\/Biblioteca?src=hash&amp;ref_src=twsrc%5Etfw\" rel=\"noopener noreferrer\">#Biblioteca<\/a> do Bairro e men\u00e7\u00e3o honrosa para Mem\u00f3ria sobre rodas, Biblioteca de Praia e Degusta\u00e7\u00e3o de <a target=\"_blank\" href=\"https:\/\/twitter.com\/hashtag\/Leitura?src=hash&amp;ref_src=twsrc%5Etfw\" rel=\"noopener noreferrer\">#Leitura<\/a> . Mais sobre os projetos no link. <a target=\"_blank\" href=\"https:\/\/t.co\/QyIMSwTExP\" rel=\"noopener noreferrer\">https:\/\/t.co\/QyIMSwTExP<\/a><\/p>\n<p>&mdash; Pedro Andretta (@andretta_pedro) <a target=\"_blank\" href=\"https:\/\/twitter.com\/andretta_pedro\/status\/1195101292479295488?ref_src=twsrc%5Etfw\" rel=\"noopener noreferrer\">November 14, 2019<\/a><\/p><\/blockquote>\n<p><script async src=\"https:\/\/platform.twitter.com\/widgets.js\" charset=\"utf-8\"><\/script><\/p>\n<p>[ad_2]<br \/>\n<br \/><a href=\"https:\/\/twitter.com\/andretta_pedro\/statuses\/1195101292479295488\">Source<\/a> by <a href=\"https:\/\/t.co\/MfIsGWjH1p\">Pedro Andretta<\/a><\/p>\n","protected":false},"excerpt":{"rendered":"<p>[ad_1] Saiu o resultado do Pr\u00e9mio de Boas Pr\u00e1ticas em Bibliotecas P\u00fablicas Municipais (de Portugal). Ganhou o projeto #Biblioteca do Bairro e men\u00e7\u00e3o honrosa para Mem\u00f3ria sobre rodas, Biblioteca de Praia e Degusta\u00e7\u00e3o de #Leitura . Mais sobre os projetos no link. https:\/\/t.co\/QyIMSwTExP &mdash; Pedro Andretta (@andretta_pedro) November 14, 2019 [ad_2] Source by Pedro Andretta<\/p>\n","protected":false},"author":1,"featured_media":0,"comment_status":"closed","ping_status":"open","sticky":false,"template":"","format":"standard","meta":{"_jetpack_memberships_contains_paid_content":false,"footnotes":"","jetpack_publicize_message":"","jetpack_publicize_feature_enabled":true,"jetpack_social_post_already_shared":false,"jetpack_social_options":{"image_generator_settings":{"template":"highway","default_image_id":0,"font":"","enabled":false},"version":2}},"categories":[21],"tags":[38,157],"class_list":["post-2866","post","type-post","status-publish","format-standard","hentry","category-informeci","tag-bibliotecas","tag-leitura"],"jetpack_publicize_connections":[],"jetpack_featured_media_url":"","views":"","jetpack_sharing_enabled":true,"_links":{"self":[{"href":"https:\/\/www.pedroandretta.info\/index\/wp-json\/wp\/v2\/posts\/2866","targetHints":{"allow":["GET"]}}],"collection":[{"href":"https:\/\/www.pedroandretta.info\/index\/wp-json\/wp\/v2\/posts"}],"about":[{"href":"https:\/\/www.pedroandretta.info\/index\/wp-json\/wp\/v2\/types\/post"}],"author":[{"embeddable":true,"href":"https:\/\/www.pedroandretta.info\/index\/wp-json\/wp\/v2\/users\/1"}],"replies":[{"embeddable":true,"href":"https:\/\/www.pedroandretta.info\/index\/wp-json\/wp\/v2\/comments?post=2866"}],"version-history":[{"count":0,"href":"https:\/\/www.pedroandretta.info\/index\/wp-json\/wp\/v2\/posts\/2866\/revisions"}],"wp:attachment":[{"href":"https:\/\/www.pedroandretta.info\/index\/wp-json\/wp\/v2\/media?parent=2866"}],"wp:term":[{"taxonomy":"category","embeddable":true,"href":"https:\/\/www.pedroandretta.info\/index\/wp-json\/wp\/v2\/categories?post=2866"},{"taxonomy":"post_tag","embeddable":true,"href":"https:\/\/www.pedroandretta.info\/index\/wp-json\/wp\/v2\/tags?post=2866"}],"curies":[{"name":"wp","href":"https:\/\/api.w.org\/{rel}","templated":true}]}}