{"id":28692,"date":"2025-01-15T09:12:12","date_gmt":"2025-01-15T13:12:12","guid":{"rendered":"https:\/\/www.pedroandretta.info\/index\/?p=28692"},"modified":"2025-01-15T09:12:16","modified_gmt":"2025-01-15T13:12:16","slug":"proposta-de-um-codigo-deontologico-dos-gestores-de-informacao-contributos-eticos-e-deontologicos-ria","status":"publish","type":"post","link":"https:\/\/www.pedroandretta.info\/index\/2025\/01\/proposta-de-um-codigo-deontologico-dos-gestores-de-informacao-contributos-eticos-e-deontologicos-ria\/","title":{"rendered":"Proposta de um c\u00f3digo deontol\u00f3gico dos gestores de informa\u00e7\u00e3o &#8211; contributos \u00e9ticos e deontol\u00f3gicos \/ RIA"},"content":{"rendered":"\n<p><strong>Proposta de um c\u00f3digo deontol\u00f3gico dos gestores de informa\u00e7\u00e3o &#8211; contributos \u00e9ticos e deontol\u00f3gicos<\/strong><\/p>\n\n\n\n<p>Os resultados da proposta correspondem \u00e0 formula\u00e7\u00e3o de v\u00e1rios princ\u00edpios \u00e9ticos e deontol\u00f3gicos que o Gestor de Informa\u00e7\u00e3o deve ter em conta no \u00e2mbito do exerc\u00edcio da profiss\u00e3o, reconfigurada pelos desafios da Intelig\u00eancia Artificial generativa, o que pressup\u00f5e uma rean\u00e1lise de princ\u00edpios \u00e9ticos e a ado\u00e7\u00e3o de novos comportamentos em fun\u00e7\u00e3o destes.<\/p>\n\n\n\n<p>#C\u00f3digoDe\u00c9tica #\u00c9tica #Gest\u00e3oDaInforma\u00e7\u00e3o <\/p>\n\n\n\n<p>Dispon\u00edvel em: <a href=\"https:\/\/ria.ua.pt\/handle\/10773\/43171\">https:\/\/ria.ua.pt\/handle\/10773\/43171<\/a><\/p>\n\n\n\n<figure class=\"wp-block-image size-large\"><img data-recalc-dims=\"1\" decoding=\"async\" width=\"417\" height=\"600\" src=\"https:\/\/i0.wp.com\/www.pedroandretta.info\/index\/wp-content\/uploads\/2025\/01\/image-32.png?resize=417%2C600&#038;ssl=1\" alt=\"\" class=\"wp-image-28693\" srcset=\"https:\/\/i0.wp.com\/www.pedroandretta.info\/index\/wp-content\/uploads\/2025\/01\/image-32.png?resize=417%2C600&amp;ssl=1 417w, https:\/\/i0.wp.com\/www.pedroandretta.info\/index\/wp-content\/uploads\/2025\/01\/image-32.png?resize=208%2C300&amp;ssl=1 208w, https:\/\/i0.wp.com\/www.pedroandretta.info\/index\/wp-content\/uploads\/2025\/01\/image-32.png?w=421&amp;ssl=1 421w\" sizes=\"(max-width: 417px) 100vw, 417px\" \/><\/figure>\n","protected":false},"excerpt":{"rendered":"<p>Proposta de um c\u00f3digo deontol\u00f3gico dos gestores de informa\u00e7\u00e3o &#8211; contributos \u00e9ticos e deontol\u00f3gicos Os resultados da proposta correspondem \u00e0 formula\u00e7\u00e3o de v\u00e1rios princ\u00edpios \u00e9ticos e deontol\u00f3gicos que o Gestor de Informa\u00e7\u00e3o deve ter em conta no \u00e2mbito do exerc\u00edcio da profiss\u00e3o, reconfigurada pelos desafios da Intelig\u00eancia Artificial generativa, o que pressup\u00f5e uma rean\u00e1lise de<\/p><\/div>\n<div class=\"blog-btn\"><a href=\"https:\/\/www.pedroandretta.info\/index\/2025\/01\/proposta-de-um-codigo-deontologico-dos-gestores-de-informacao-contributos-eticos-e-deontologicos-ria\/\" class=\"home-blog-btn\">Ler mais<\/a><\/p>\n","protected":false},"author":1,"featured_media":0,"comment_status":"open","ping_status":"open","sticky":false,"template":"","format":"standard","meta":{"_jetpack_memberships_contains_paid_content":false,"footnotes":"","jetpack_publicize_message":"","jetpack_publicize_feature_enabled":true,"jetpack_social_post_already_shared":true,"jetpack_social_options":{"image_generator_settings":{"template":"highway","default_image_id":0,"font":"","enabled":false},"version":2}},"categories":[21],"tags":[2311,390,248],"class_list":["post-28692","post","type-post","status-publish","format-standard","hentry","category-informeci","tag-codigodeeticaprofissional","tag-etica","tag-gestaodainformacao"],"jetpack_publicize_connections":[],"jetpack_featured_media_url":"","views":"","jetpack_sharing_enabled":true,"_links":{"self":[{"href":"https:\/\/www.pedroandretta.info\/index\/wp-json\/wp\/v2\/posts\/28692","targetHints":{"allow":["GET"]}}],"collection":[{"href":"https:\/\/www.pedroandretta.info\/index\/wp-json\/wp\/v2\/posts"}],"about":[{"href":"https:\/\/www.pedroandretta.info\/index\/wp-json\/wp\/v2\/types\/post"}],"author":[{"embeddable":true,"href":"https:\/\/www.pedroandretta.info\/index\/wp-json\/wp\/v2\/users\/1"}],"replies":[{"embeddable":true,"href":"https:\/\/www.pedroandretta.info\/index\/wp-json\/wp\/v2\/comments?post=28692"}],"version-history":[{"count":0,"href":"https:\/\/www.pedroandretta.info\/index\/wp-json\/wp\/v2\/posts\/28692\/revisions"}],"wp:attachment":[{"href":"https:\/\/www.pedroandretta.info\/index\/wp-json\/wp\/v2\/media?parent=28692"}],"wp:term":[{"taxonomy":"category","embeddable":true,"href":"https:\/\/www.pedroandretta.info\/index\/wp-json\/wp\/v2\/categories?post=28692"},{"taxonomy":"post_tag","embeddable":true,"href":"https:\/\/www.pedroandretta.info\/index\/wp-json\/wp\/v2\/tags?post=28692"}],"curies":[{"name":"wp","href":"https:\/\/api.w.org\/{rel}","templated":true}]}}