{"id":2870,"date":"2019-11-15T20:33:26","date_gmt":"2019-11-15T20:33:26","guid":{"rendered":"https:\/\/www.pedroandretta.info\/index\/?p=2870"},"modified":"2019-11-15T20:33:26","modified_gmt":"2019-11-15T20:33:26","slug":"para-pensar-os-espacos-de-nossa-biblioteca-recomendo-a-leitura-sobre-la-organi","status":"publish","type":"post","link":"https:\/\/www.pedroandretta.info\/index\/2019\/11\/para-pensar-os-espacos-de-nossa-biblioteca-recomendo-a-leitura-sobre-la-organi\/","title":{"rendered":"Para pensar os espa\u00e7os de nossa #biblioteca recomendo a leitura \u201cSobre la organi&#8230;"},"content":{"rendered":"<p>[ad_1]<\/p>\n<blockquote class=\"twitter-tweet\">\n<p lang=\"es\" dir=\"ltr\">Para pensar os espa\u00e7os de nossa <a target=\"_blank\" href=\"https:\/\/twitter.com\/hashtag\/biblioteca?src=hash&amp;ref_src=twsrc%5Etfw\" rel=\"noopener noreferrer\">#biblioteca<\/a> recomendo a leitura \u201cSobre la organizaci\u00f3n de espacios en las <a target=\"_blank\" href=\"https:\/\/twitter.com\/hashtag\/Bibliotecas?src=hash&amp;ref_src=twsrc%5Etfw\" rel=\"noopener noreferrer\">#Bibliotecas<\/a> P\u00fablicas del Estado de Espa\u00f1a\u201d de Jos\u00e9 Luis Herrera Morillas. [&#8230;] las bibliotecas est\u00e1n evolucionando hacia centros sociales [&#8230;]\u201d <a target=\"_blank\" href=\"https:\/\/t.co\/Iqbc670H0I\" rel=\"noopener noreferrer\">https:\/\/t.co\/Iqbc670H0I<\/a><\/p>\n<p>&mdash; Pedro Andretta (@andretta_pedro) <a target=\"_blank\" href=\"https:\/\/twitter.com\/andretta_pedro\/status\/1195439687978160130?ref_src=twsrc%5Etfw\" rel=\"noopener noreferrer\">November 15, 2019<\/a><\/p><\/blockquote>\n<p><script async src=\"https:\/\/platform.twitter.com\/widgets.js\" charset=\"utf-8\"><\/script><\/p>\n<p>[ad_2]<br \/>\n<br \/><a href=\"https:\/\/twitter.com\/andretta_pedro\/statuses\/1195439687978160130\">Source<\/a> by <a href=\"https:\/\/t.co\/MfIsGWjH1p\">Pedro Andretta<\/a><\/p>\n","protected":false},"excerpt":{"rendered":"<p>[ad_1] Para pensar os espa\u00e7os de nossa #biblioteca recomendo a leitura \u201cSobre la organizaci\u00f3n de espacios en las #Bibliotecas P\u00fablicas del Estado de Espa\u00f1a\u201d de Jos\u00e9 Luis Herrera Morillas. [&#8230;] las bibliotecas est\u00e1n evolucionando hacia centros sociales [&#8230;]\u201d https:\/\/t.co\/Iqbc670H0I &mdash; Pedro Andretta (@andretta_pedro) November 15, 2019 [ad_2] Source by Pedro Andretta<\/p>\n","protected":false},"author":1,"featured_media":0,"comment_status":"closed","ping_status":"open","sticky":false,"template":"","format":"standard","meta":{"_jetpack_memberships_contains_paid_content":false,"footnotes":"","jetpack_publicize_message":"","jetpack_publicize_feature_enabled":true,"jetpack_social_post_already_shared":false,"jetpack_social_options":{"image_generator_settings":{"template":"highway","default_image_id":0,"font":"","enabled":false},"version":2}},"categories":[21],"tags":[38],"class_list":["post-2870","post","type-post","status-publish","format-standard","hentry","category-informeci","tag-bibliotecas"],"jetpack_publicize_connections":[],"jetpack_featured_media_url":"","views":"","jetpack_sharing_enabled":true,"_links":{"self":[{"href":"https:\/\/www.pedroandretta.info\/index\/wp-json\/wp\/v2\/posts\/2870","targetHints":{"allow":["GET"]}}],"collection":[{"href":"https:\/\/www.pedroandretta.info\/index\/wp-json\/wp\/v2\/posts"}],"about":[{"href":"https:\/\/www.pedroandretta.info\/index\/wp-json\/wp\/v2\/types\/post"}],"author":[{"embeddable":true,"href":"https:\/\/www.pedroandretta.info\/index\/wp-json\/wp\/v2\/users\/1"}],"replies":[{"embeddable":true,"href":"https:\/\/www.pedroandretta.info\/index\/wp-json\/wp\/v2\/comments?post=2870"}],"version-history":[{"count":0,"href":"https:\/\/www.pedroandretta.info\/index\/wp-json\/wp\/v2\/posts\/2870\/revisions"}],"wp:attachment":[{"href":"https:\/\/www.pedroandretta.info\/index\/wp-json\/wp\/v2\/media?parent=2870"}],"wp:term":[{"taxonomy":"category","embeddable":true,"href":"https:\/\/www.pedroandretta.info\/index\/wp-json\/wp\/v2\/categories?post=2870"},{"taxonomy":"post_tag","embeddable":true,"href":"https:\/\/www.pedroandretta.info\/index\/wp-json\/wp\/v2\/tags?post=2870"}],"curies":[{"name":"wp","href":"https:\/\/api.w.org\/{rel}","templated":true}]}}