{"id":2871,"date":"2019-11-15T20:25:43","date_gmt":"2019-11-15T20:25:43","guid":{"rendered":"https:\/\/www.pedroandretta.info\/index\/?p=2871"},"modified":"2019-11-15T20:25:43","modified_gmt":"2019-11-15T20:25:43","slug":"ei-bibliotecarios-ou-academicos-de-biblioteconomia-interessados-em-biblio","status":"publish","type":"post","link":"https:\/\/www.pedroandretta.info\/index\/2019\/11\/ei-bibliotecarios-ou-academicos-de-biblioteconomia-interessados-em-biblio\/","title":{"rendered":"Ei #bibliotec\u00e1rios , ou acad\u00eamicos de #biblioteconomia , interessados em #biblio&#8230;"},"content":{"rendered":"<p>[ad_1]<br \/>\n<img data-recalc-dims=\"1\" decoding=\"async\" src=\"https:\/\/universoabiertoblog.files.wordpress.com\/2019\/11\/551d75ec4a60d.image_.jpg?w=696\"\/><\/p>\n<blockquote class=\"twitter-tweet\">\n<p lang=\"pt\" dir=\"ltr\">Ei <a target=\"_blank\" href=\"https:\/\/twitter.com\/hashtag\/bibliotec%C3%A1rios?src=hash&amp;ref_src=twsrc%5Etfw\" rel=\"noopener noreferrer\">#bibliotec\u00e1rios<\/a> , ou acad\u00eamicos de <a target=\"_blank\" href=\"https:\/\/twitter.com\/hashtag\/biblioteconomia?src=hash&amp;ref_src=twsrc%5Etfw\" rel=\"noopener noreferrer\">#biblioteconomia<\/a> , interessados em <a target=\"_blank\" href=\"https:\/\/twitter.com\/hashtag\/bibliotecasescolares?src=hash&amp;ref_src=twsrc%5Etfw\" rel=\"noopener noreferrer\">#bibliotecasescolares<\/a> , vejam as \u201cRecomenda\u00e7\u00f5es para os programas de capacita\u00e7\u00e3o e forma\u00e7\u00e3o do bibliotecario escolar\u201d da <a target=\"_blank\" href=\"https:\/\/twitter.com\/aasl?ref_src=twsrc%5Etfw\" rel=\"noopener noreferrer\">@aasl<\/a> &#8211; via <a target=\"_blank\" href=\"https:\/\/twitter.com\/jalonsoarevalo?ref_src=twsrc%5Etfw\" rel=\"noopener noreferrer\">@jalonsoarevalo<\/a>  <a target=\"_blank\" href=\"https:\/\/t.co\/4ppbbT4Q6U\" rel=\"noopener noreferrer\">https:\/\/t.co\/4ppbbT4Q6U<\/a><\/p>\n<p>&mdash; Pedro Andretta (@andretta_pedro) <a target=\"_blank\" href=\"https:\/\/twitter.com\/andretta_pedro\/status\/1195437744471846912?ref_src=twsrc%5Etfw\" rel=\"noopener noreferrer\">November 15, 2019<\/a><\/p><\/blockquote>\n<p><script async src=\"https:\/\/platform.twitter.com\/widgets.js\" charset=\"utf-8\"><\/script><\/p>\n<p>[ad_2]<br \/>\n<br \/><a href=\"https:\/\/twitter.com\/andretta_pedro\/statuses\/1195437744471846912\">Source<\/a> by <a href=\"https:\/\/t.co\/MfIsGWjH1p\">Pedro Andretta<\/a><\/p>\n","protected":false},"excerpt":{"rendered":"<p>[ad_1] Ei #bibliotec\u00e1rios , ou acad\u00eamicos de #biblioteconomia , interessados em #bibliotecasescolares , vejam as \u201cRecomenda\u00e7\u00f5es para os programas de capacita\u00e7\u00e3o e forma\u00e7\u00e3o do bibliotecario escolar\u201d da @aasl &#8211; via @jalonsoarevalo https:\/\/t.co\/4ppbbT4Q6U &mdash; Pedro Andretta (@andretta_pedro) November 15, 2019 [ad_2] Source by Pedro Andretta<\/p>\n","protected":false},"author":1,"featured_media":2872,"comment_status":"closed","ping_status":"open","sticky":false,"template":"","format":"standard","meta":{"_jetpack_memberships_contains_paid_content":false,"footnotes":"","jetpack_publicize_message":"","jetpack_publicize_feature_enabled":true,"jetpack_social_post_already_shared":false,"jetpack_social_options":{"image_generator_settings":{"template":"highway","default_image_id":0,"font":"","enabled":false},"version":2}},"categories":[21],"tags":[22,79,33],"class_list":["post-2871","post","type-post","status-publish","format-standard","has-post-thumbnail","hentry","category-informeci","tag-bibliotecarios","tag-bibliotecasescolares","tag-biblioteconomia"],"jetpack_publicize_connections":[],"jetpack_featured_media_url":"https:\/\/i0.wp.com\/www.pedroandretta.info\/index\/wp-content\/uploads\/2019\/12\/551d75ec4a60d.image_.jpg?fit=1200%2C882&ssl=1","views":"","jetpack_sharing_enabled":true,"_links":{"self":[{"href":"https:\/\/www.pedroandretta.info\/index\/wp-json\/wp\/v2\/posts\/2871","targetHints":{"allow":["GET"]}}],"collection":[{"href":"https:\/\/www.pedroandretta.info\/index\/wp-json\/wp\/v2\/posts"}],"about":[{"href":"https:\/\/www.pedroandretta.info\/index\/wp-json\/wp\/v2\/types\/post"}],"author":[{"embeddable":true,"href":"https:\/\/www.pedroandretta.info\/index\/wp-json\/wp\/v2\/users\/1"}],"replies":[{"embeddable":true,"href":"https:\/\/www.pedroandretta.info\/index\/wp-json\/wp\/v2\/comments?post=2871"}],"version-history":[{"count":0,"href":"https:\/\/www.pedroandretta.info\/index\/wp-json\/wp\/v2\/posts\/2871\/revisions"}],"wp:featuredmedia":[{"embeddable":true,"href":"https:\/\/www.pedroandretta.info\/index\/wp-json\/wp\/v2\/media\/2872"}],"wp:attachment":[{"href":"https:\/\/www.pedroandretta.info\/index\/wp-json\/wp\/v2\/media?parent=2871"}],"wp:term":[{"taxonomy":"category","embeddable":true,"href":"https:\/\/www.pedroandretta.info\/index\/wp-json\/wp\/v2\/categories?post=2871"},{"taxonomy":"post_tag","embeddable":true,"href":"https:\/\/www.pedroandretta.info\/index\/wp-json\/wp\/v2\/tags?post=2871"}],"curies":[{"name":"wp","href":"https:\/\/api.w.org\/{rel}","templated":true}]}}