{"id":28720,"date":"2025-01-17T10:56:44","date_gmt":"2025-01-17T14:56:44","guid":{"rendered":"https:\/\/www.pedroandretta.info\/index\/?p=28720"},"modified":"2025-01-17T10:56:48","modified_gmt":"2025-01-17T14:56:48","slug":"sistemas-e-sustentabilidade-novas-e-futuras-publicacoes-e-recursos-de-pesquisa-da-ifla-ifla","status":"publish","type":"post","link":"https:\/\/www.pedroandretta.info\/index\/2025\/01\/sistemas-e-sustentabilidade-novas-e-futuras-publicacoes-e-recursos-de-pesquisa-da-ifla-ifla\/","title":{"rendered":"Sistemas e sustentabilidade: novas e futuras publica\u00e7\u00f5es e recursos de pesquisa da IFLA \/ IFLA"},"content":{"rendered":"\n<p><strong>Sistemas e sustentabilidade: novas e futuras publica\u00e7\u00f5es e recursos de pesquisa da IFLA<\/strong><\/p>\n\n\n\n<p>A sustentabilidade do setor de bibliotecas vir\u00e1 de uma combina\u00e7\u00e3o de nossa capacidade de cumprir nossas miss\u00f5es de forma eficaz a longo prazo e de convencer governos e outros financiadores de que estamos oferecendo um servi\u00e7o valioso \u00e0s comunidades que atendemos.<\/p>\n\n\n\n<p>via IFLA<\/p>\n\n\n\n<p>#IFLA #Sustentabilidade<\/p>\n\n\n\n<p>Dispon\u00edvel em: <a href=\"https:\/\/www.ifla.org\/news\/systems-and-sustainability-new-and-upcoming-ifla-research-publications-and-resources\/\">https:\/\/www.ifla.org\/news\/systems-and-sustainability-new-and-upcoming-ifla-research-publications-and-resources\/<\/a><\/p>\n","protected":false},"excerpt":{"rendered":"<p>Sistemas e sustentabilidade: novas e futuras publica\u00e7\u00f5es e recursos de pesquisa da IFLA A sustentabilidade do setor de bibliotecas vir\u00e1 de uma combina\u00e7\u00e3o de nossa capacidade de cumprir nossas miss\u00f5es de forma eficaz a longo prazo e de convencer governos e outros financiadores de que estamos oferecendo um servi\u00e7o valioso \u00e0s comunidades que atendemos. via<\/p><\/div>\n<div class=\"blog-btn\"><a href=\"https:\/\/www.pedroandretta.info\/index\/2025\/01\/sistemas-e-sustentabilidade-novas-e-futuras-publicacoes-e-recursos-de-pesquisa-da-ifla-ifla\/\" class=\"home-blog-btn\">Ler mais<\/a><\/p>\n","protected":false},"author":1,"featured_media":0,"comment_status":"open","ping_status":"open","sticky":false,"template":"","format":"standard","meta":{"_jetpack_memberships_contains_paid_content":false,"footnotes":"","jetpack_publicize_message":"","jetpack_publicize_feature_enabled":true,"jetpack_social_post_already_shared":true,"jetpack_social_options":{"image_generator_settings":{"template":"highway","default_image_id":0,"font":"","enabled":false},"version":2}},"categories":[21],"tags":[344,40],"class_list":["post-28720","post","type-post","status-publish","format-standard","hentry","category-informeci","tag-ifla","tag-sustentabilidade"],"jetpack_publicize_connections":[],"jetpack_featured_media_url":"","views":"","jetpack_sharing_enabled":true,"_links":{"self":[{"href":"https:\/\/www.pedroandretta.info\/index\/wp-json\/wp\/v2\/posts\/28720","targetHints":{"allow":["GET"]}}],"collection":[{"href":"https:\/\/www.pedroandretta.info\/index\/wp-json\/wp\/v2\/posts"}],"about":[{"href":"https:\/\/www.pedroandretta.info\/index\/wp-json\/wp\/v2\/types\/post"}],"author":[{"embeddable":true,"href":"https:\/\/www.pedroandretta.info\/index\/wp-json\/wp\/v2\/users\/1"}],"replies":[{"embeddable":true,"href":"https:\/\/www.pedroandretta.info\/index\/wp-json\/wp\/v2\/comments?post=28720"}],"version-history":[{"count":0,"href":"https:\/\/www.pedroandretta.info\/index\/wp-json\/wp\/v2\/posts\/28720\/revisions"}],"wp:attachment":[{"href":"https:\/\/www.pedroandretta.info\/index\/wp-json\/wp\/v2\/media?parent=28720"}],"wp:term":[{"taxonomy":"category","embeddable":true,"href":"https:\/\/www.pedroandretta.info\/index\/wp-json\/wp\/v2\/categories?post=28720"},{"taxonomy":"post_tag","embeddable":true,"href":"https:\/\/www.pedroandretta.info\/index\/wp-json\/wp\/v2\/tags?post=28720"}],"curies":[{"name":"wp","href":"https:\/\/api.w.org\/{rel}","templated":true}]}}