{"id":28726,"date":"2025-01-17T11:15:14","date_gmt":"2025-01-17T15:15:14","guid":{"rendered":"https:\/\/www.pedroandretta.info\/index\/?p=28726"},"modified":"2025-01-17T11:15:18","modified_gmt":"2025-01-17T15:15:18","slug":"assimetria-e-desigualdades-de-informacao-na-era-digital-miquel-pellicer","status":"publish","type":"post","link":"https:\/\/www.pedroandretta.info\/index\/2025\/01\/assimetria-e-desigualdades-de-informacao-na-era-digital-miquel-pellicer\/","title":{"rendered":"Assimetria e desigualdades de informa\u00e7\u00e3o na era digital \/ Miquel Pellicer"},"content":{"rendered":"\n<p><strong>Assimetria e desigualdades de informa\u00e7\u00e3o na era digital<\/strong><\/p>\n\n\n\n<p>A assimetria de informa\u00e7\u00e3o tem sido uma constante hist\u00f3rica que influenciou o destino de civiliza\u00e7\u00f5es inteiras. No seu artigo &#8216;Assimetria de informa\u00e7\u00e3o e a queda dos meios de comunica\u00e7\u00e3o convencionais &#8216;, Spencer R. Scott analisa como a concentra\u00e7\u00e3o do conhecimento nas m\u00e3os das elites levou ao colapso de sociedades como o Imp\u00e9rio Romano ou os Maias. Este fen\u00f4meno n\u00e3o \u00e9 apenas relevante num contexto hist\u00f3rico, mas tamb\u00e9m na atual era digital, onde o acesso \u00e0 informa\u00e7\u00e3o est\u00e1 amplamente democratizado, mas persistem desigualdades significativas.<\/p>\n\n\n\n<p>via Miquel Pellicer<\/p>\n\n\n\n<p>#AssimetriaDeInforma\u00e7\u00e3o #Desigualdade #SociedadeDaInforma\u00e7\u00e3o<\/p>\n\n\n\n<p>Dispon\u00edvel em: <a href=\"https:\/\/miquelpellicer.com\/2025\/01\/asimetria-informativa-desigualdades-era-digital\/\">https:\/\/miquelpellicer.com\/2025\/01\/asimetria-informativa-desigualdades-era-digital\/<\/a><\/p>\n","protected":false},"excerpt":{"rendered":"<p>Assimetria e desigualdades de informa\u00e7\u00e3o na era digital A assimetria de informa\u00e7\u00e3o tem sido uma constante hist\u00f3rica que influenciou o destino de civiliza\u00e7\u00f5es inteiras. No seu artigo &#8216;Assimetria de informa\u00e7\u00e3o e a queda dos meios de comunica\u00e7\u00e3o convencionais &#8216;, Spencer R. Scott analisa como a concentra\u00e7\u00e3o do conhecimento nas m\u00e3os das elites levou ao colapso<\/p><\/div>\n<div class=\"blog-btn\"><a href=\"https:\/\/www.pedroandretta.info\/index\/2025\/01\/assimetria-e-desigualdades-de-informacao-na-era-digital-miquel-pellicer\/\" class=\"home-blog-btn\">Ler mais<\/a><\/p>\n","protected":false},"author":1,"featured_media":0,"comment_status":"open","ping_status":"open","sticky":false,"template":"","format":"standard","meta":{"_jetpack_newsletter_access":"","_jetpack_dont_email_post_to_subs":false,"_jetpack_newsletter_tier_id":0,"_jetpack_memberships_contains_paywalled_content":false,"_jetpack_feature_clip_id":0,"_jetpack_memberships_contains_paid_content":false,"footnotes":"","jetpack_publicize_message":"","jetpack_publicize_feature_enabled":true,"jetpack_social_post_already_shared":true,"jetpack_social_options":{"image_generator_settings":{"template":"highway","default_image_id":0,"font":"","enabled":false},"version":2},"jetpack_post_was_ever_published":false},"categories":[21],"tags":[830,349,2497],"class_list":["post-28726","post","type-post","status-publish","format-standard","hentry","category-informeci","tag-assimetriadeinformacoes","tag-desigualdade","tag-sociedadedainformacao"],"jetpack_publicize_connections":[],"jetpack_featured_media_url":"","views":"","jetpack_sharing_enabled":true,"_links":{"self":[{"href":"https:\/\/www.pedroandretta.info\/index\/wp-json\/wp\/v2\/posts\/28726","targetHints":{"allow":["GET"]}}],"collection":[{"href":"https:\/\/www.pedroandretta.info\/index\/wp-json\/wp\/v2\/posts"}],"about":[{"href":"https:\/\/www.pedroandretta.info\/index\/wp-json\/wp\/v2\/types\/post"}],"author":[{"embeddable":true,"href":"https:\/\/www.pedroandretta.info\/index\/wp-json\/wp\/v2\/users\/1"}],"replies":[{"embeddable":true,"href":"https:\/\/www.pedroandretta.info\/index\/wp-json\/wp\/v2\/comments?post=28726"}],"version-history":[{"count":0,"href":"https:\/\/www.pedroandretta.info\/index\/wp-json\/wp\/v2\/posts\/28726\/revisions"}],"wp:attachment":[{"href":"https:\/\/www.pedroandretta.info\/index\/wp-json\/wp\/v2\/media?parent=28726"}],"wp:term":[{"taxonomy":"category","embeddable":true,"href":"https:\/\/www.pedroandretta.info\/index\/wp-json\/wp\/v2\/categories?post=28726"},{"taxonomy":"post_tag","embeddable":true,"href":"https:\/\/www.pedroandretta.info\/index\/wp-json\/wp\/v2\/tags?post=28726"}],"curies":[{"name":"wp","href":"https:\/\/api.w.org\/{rel}","templated":true}]}}