{"id":2878,"date":"2019-11-08T07:45:26","date_gmt":"2019-11-08T07:45:26","guid":{"rendered":"https:\/\/www.pedroandretta.info\/index\/?p=2878"},"modified":"2019-11-08T07:45:26","modified_gmt":"2019-11-08T07:45:26","slug":"estava-aqui-pensando-sobre-inovacao-e-empreendedorismo-na-biblioteca-e-lembrei","status":"publish","type":"post","link":"https:\/\/www.pedroandretta.info\/index\/2019\/11\/estava-aqui-pensando-sobre-inovacao-e-empreendedorismo-na-biblioteca-e-lembrei\/","title":{"rendered":"Estava aqui pensando sobre inova\u00e7\u00e3o e empreendedorismo na #Biblioteca e lembrei &#8230;"},"content":{"rendered":"<p>[ad_1]<br \/>\n<img decoding=\"async\" src=\"https:\/\/scontent.fcpv2-2.fna.fbcdn.net\/v\/t1.0-1\/p200x200\/26219140_730119217183747_3227071543657166175_n.png?_nc_cat=106&amp;_nc_ohc=8XSJScN1GesAQklI2KO1g16uq9x9_nb5FQ8a7ML7VPxz4v__hLW1vCQNQ&amp;_nc_ht=scontent.fcpv2-2.fna&amp;oh=7c8070c4946f6603b6f6aa58c5e212ff&amp;oe=5E808DCC\"\/><\/p>\n<blockquote class=\"twitter-tweet\">\n<p lang=\"pt\" dir=\"ltr\">Estava aqui pensando sobre inova\u00e7\u00e3o e empreendedorismo na <a target=\"_blank\" href=\"https:\/\/twitter.com\/hashtag\/Biblioteca?src=hash&amp;ref_src=twsrc%5Etfw\" rel=\"noopener noreferrer\">#Biblioteca<\/a> e lembrei da   <a target=\"_blank\" href=\"https:\/\/twitter.com\/hashtag\/Starteca?src=hash&amp;ref_src=twsrc%5Etfw\" rel=\"noopener noreferrer\">#Starteca<\/a> . A Starteca \u00e9 um ambiente de empreendedorismo e inova\u00e7\u00e3o dentro da <a target=\"_blank\" href=\"https:\/\/twitter.com\/hashtag\/bibliotecauniversit%C3%A1ria?src=hash&amp;ref_src=twsrc%5Etfw\" rel=\"noopener noreferrer\">#bibliotecauniversit\u00e1ria<\/a>  \u2066<a target=\"_blank\" href=\"https:\/\/twitter.com\/bco_ufscar?ref_src=twsrc%5Etfw\" rel=\"noopener noreferrer\">@bco_ufscar<\/a>\u2069 ! Iniciativa recente, q vai lan\u00e7ar tend\u00eancia! <a target=\"_blank\" href=\"https:\/\/t.co\/O0cWgihDUL\" rel=\"noopener noreferrer\">https:\/\/t.co\/O0cWgihDUL<\/a><\/p>\n<p>&mdash; Pedro Andretta (@andretta_pedro) <a target=\"_blank\" href=\"https:\/\/twitter.com\/andretta_pedro\/status\/1192709700967636992?ref_src=twsrc%5Etfw\" rel=\"noopener noreferrer\">November 8, 2019<\/a><\/p><\/blockquote>\n<p><script async src=\"https:\/\/platform.twitter.com\/widgets.js\" charset=\"utf-8\"><\/script><\/p>\n<p>[ad_2]<br \/>\n<br \/><a href=\"https:\/\/twitter.com\/andretta_pedro\/statuses\/1192709700967636992\">Source<\/a> by <a href=\"https:\/\/t.co\/MfIsGWjH1p\">Pedro Andretta<\/a><\/p>\n","protected":false},"excerpt":{"rendered":"<p>[ad_1] Estava aqui pensando sobre inova\u00e7\u00e3o e empreendedorismo na #Biblioteca e lembrei da #Starteca . A Starteca \u00e9 um ambiente de empreendedorismo e inova\u00e7\u00e3o dentro da #bibliotecauniversit\u00e1ria \u2066@bco_ufscar\u2069 ! Iniciativa recente, q vai lan\u00e7ar tend\u00eancia! https:\/\/t.co\/O0cWgihDUL &mdash; Pedro Andretta (@andretta_pedro) November 8, 2019 [ad_2] Source by Pedro Andretta<\/p>\n","protected":false},"author":1,"featured_media":2879,"comment_status":"closed","ping_status":"open","sticky":false,"template":"","format":"standard","meta":{"_jetpack_memberships_contains_paid_content":false,"footnotes":"","jetpack_publicize_message":"","jetpack_publicize_feature_enabled":true,"jetpack_social_post_already_shared":false,"jetpack_social_options":{"image_generator_settings":{"template":"highway","default_image_id":0,"font":"","enabled":false},"version":2}},"categories":[21],"tags":[38,114,84],"class_list":["post-2878","post","type-post","status-publish","format-standard","has-post-thumbnail","hentry","category-informeci","tag-bibliotecas","tag-bibliotecasuniversitarias","tag-starteca"],"jetpack_publicize_connections":[],"jetpack_featured_media_url":"https:\/\/i0.wp.com\/www.pedroandretta.info\/index\/wp-content\/uploads\/2019\/12\/26219140_730119217183747_3227071543657166175_n.png?fit=200%2C200&ssl=1","views":"","jetpack_sharing_enabled":true,"_links":{"self":[{"href":"https:\/\/www.pedroandretta.info\/index\/wp-json\/wp\/v2\/posts\/2878","targetHints":{"allow":["GET"]}}],"collection":[{"href":"https:\/\/www.pedroandretta.info\/index\/wp-json\/wp\/v2\/posts"}],"about":[{"href":"https:\/\/www.pedroandretta.info\/index\/wp-json\/wp\/v2\/types\/post"}],"author":[{"embeddable":true,"href":"https:\/\/www.pedroandretta.info\/index\/wp-json\/wp\/v2\/users\/1"}],"replies":[{"embeddable":true,"href":"https:\/\/www.pedroandretta.info\/index\/wp-json\/wp\/v2\/comments?post=2878"}],"version-history":[{"count":0,"href":"https:\/\/www.pedroandretta.info\/index\/wp-json\/wp\/v2\/posts\/2878\/revisions"}],"wp:featuredmedia":[{"embeddable":true,"href":"https:\/\/www.pedroandretta.info\/index\/wp-json\/wp\/v2\/media\/2879"}],"wp:attachment":[{"href":"https:\/\/www.pedroandretta.info\/index\/wp-json\/wp\/v2\/media?parent=2878"}],"wp:term":[{"taxonomy":"category","embeddable":true,"href":"https:\/\/www.pedroandretta.info\/index\/wp-json\/wp\/v2\/categories?post=2878"},{"taxonomy":"post_tag","embeddable":true,"href":"https:\/\/www.pedroandretta.info\/index\/wp-json\/wp\/v2\/tags?post=2878"}],"curies":[{"name":"wp","href":"https:\/\/api.w.org\/{rel}","templated":true}]}}