{"id":2885,"date":"2019-11-08T22:16:09","date_gmt":"2019-11-08T22:16:09","guid":{"rendered":"https:\/\/www.pedroandretta.info\/index\/?p=2885"},"modified":"2019-11-08T22:16:09","modified_gmt":"2019-11-08T22:16:09","slug":"para-os-jovens-bibliotecarios-fiquem-atentos-ao-%e2%81%a6cimplifica%e2%81%a9-o-primeiro-p","status":"publish","type":"post","link":"https:\/\/www.pedroandretta.info\/index\/2019\/11\/para-os-jovens-bibliotecarios-fiquem-atentos-ao-%e2%81%a6cimplifica%e2%81%a9-o-primeiro-p\/","title":{"rendered":"Para os jovens #bibliotec\u00e1rios ! Fiquem atentos ao \u2066@CImplifica\u2069 , o primeiro #p&#8230;"},"content":{"rendered":"<p>[ad_1]<\/p>\n<blockquote class=\"twitter-tweet\">\n<p lang=\"pt\" dir=\"ltr\">Para os jovens <a target=\"_blank\" href=\"https:\/\/twitter.com\/hashtag\/bibliotec%C3%A1rios?src=hash&amp;ref_src=twsrc%5Etfw\" rel=\"noopener noreferrer\">#bibliotec\u00e1rios<\/a> ! Fiquem atentos ao \u2066<a target=\"_blank\" href=\"https:\/\/twitter.com\/CImplifica?ref_src=twsrc%5Etfw\" rel=\"noopener noreferrer\">@CImplifica<\/a>\u2069 , o primeiro <a target=\"_blank\" href=\"https:\/\/twitter.com\/hashtag\/podcast?src=hash&amp;ref_src=twsrc%5Etfw\" rel=\"noopener noreferrer\">#podcast<\/a> brasileiro de Ci\u00eancia da Informa\u00e7\u00e3o, ( <a target=\"_blank\" href=\"https:\/\/twitter.com\/hashtag\/CI?src=hash&amp;ref_src=twsrc%5Etfw\" rel=\"noopener noreferrer\">#CI<\/a> ), <a target=\"_blank\" href=\"https:\/\/twitter.com\/hashtag\/Biblioteconomia?src=hash&amp;ref_src=twsrc%5Etfw\" rel=\"noopener noreferrer\">#Biblioteconomia<\/a> , <a target=\"_blank\" href=\"https:\/\/twitter.com\/hashtag\/Arquivologia?src=hash&amp;ref_src=twsrc%5Etfw\" rel=\"noopener noreferrer\">#Arquivologia<\/a> , <a target=\"_blank\" href=\"https:\/\/twitter.com\/hashtag\/Museologia?src=hash&amp;ref_src=twsrc%5Etfw\" rel=\"noopener noreferrer\">#Museologia<\/a> e <a target=\"_blank\" href=\"https:\/\/twitter.com\/hashtag\/Gest%C3%A3odaInforma%C3%A7%C3%A3o?src=hash&amp;ref_src=twsrc%5Etfw\" rel=\"noopener noreferrer\">#Gest\u00e3odaInforma\u00e7\u00e3o<\/a> ! (Podcasts \u201cquase\u201d quinzenais! ). Excelente \ud83d\udca1! <a target=\"_blank\" href=\"https:\/\/t.co\/g6mL39r2iB\" rel=\"noopener noreferrer\">https:\/\/t.co\/g6mL39r2iB<\/a><\/p>\n<p>&mdash; Pedro Andretta (@andretta_pedro) <a target=\"_blank\" href=\"https:\/\/twitter.com\/andretta_pedro\/status\/1192928821332389888?ref_src=twsrc%5Etfw\" rel=\"noopener noreferrer\">November 8, 2019<\/a><\/p><\/blockquote>\n<p><script async src=\"https:\/\/platform.twitter.com\/widgets.js\" charset=\"utf-8\"><\/script><\/p>\n<p>[ad_2]<br \/>\n<br \/><a href=\"https:\/\/twitter.com\/andretta_pedro\/statuses\/1192928821332389888\">Source<\/a> by <a href=\"https:\/\/t.co\/MfIsGWjH1p\">Pedro Andretta<\/a><\/p>\n","protected":false},"excerpt":{"rendered":"<p>[ad_1] Para os jovens #bibliotec\u00e1rios ! Fiquem atentos ao \u2066@CImplifica\u2069 , o primeiro #podcast brasileiro de Ci\u00eancia da Informa\u00e7\u00e3o, ( #CI ), #Biblioteconomia , #Arquivologia , #Museologia e #Gest\u00e3odaInforma\u00e7\u00e3o ! (Podcasts \u201cquase\u201d quinzenais! ). Excelente \ud83d\udca1! https:\/\/t.co\/g6mL39r2iB &mdash; Pedro Andretta (@andretta_pedro) November 8, 2019 [ad_2] Source by Pedro Andretta<\/p>\n","protected":false},"author":1,"featured_media":0,"comment_status":"closed","ping_status":"open","sticky":false,"template":"","format":"standard","meta":{"_jetpack_memberships_contains_paid_content":false,"footnotes":"","jetpack_publicize_message":"","jetpack_publicize_feature_enabled":true,"jetpack_social_post_already_shared":false,"jetpack_social_options":{"image_generator_settings":{"template":"highway","default_image_id":0,"font":"","enabled":false},"version":2}},"categories":[21],"tags":[24,22,33,71,248,53,86],"class_list":["post-2885","post","type-post","status-publish","format-standard","hentry","category-informeci","tag-arquivologia","tag-bibliotecarios","tag-biblioteconomia","tag-ci","tag-gestaodainformacao","tag-museologia","tag-podcast"],"jetpack_publicize_connections":[],"jetpack_featured_media_url":"","views":"","jetpack_sharing_enabled":true,"_links":{"self":[{"href":"https:\/\/www.pedroandretta.info\/index\/wp-json\/wp\/v2\/posts\/2885","targetHints":{"allow":["GET"]}}],"collection":[{"href":"https:\/\/www.pedroandretta.info\/index\/wp-json\/wp\/v2\/posts"}],"about":[{"href":"https:\/\/www.pedroandretta.info\/index\/wp-json\/wp\/v2\/types\/post"}],"author":[{"embeddable":true,"href":"https:\/\/www.pedroandretta.info\/index\/wp-json\/wp\/v2\/users\/1"}],"replies":[{"embeddable":true,"href":"https:\/\/www.pedroandretta.info\/index\/wp-json\/wp\/v2\/comments?post=2885"}],"version-history":[{"count":0,"href":"https:\/\/www.pedroandretta.info\/index\/wp-json\/wp\/v2\/posts\/2885\/revisions"}],"wp:attachment":[{"href":"https:\/\/www.pedroandretta.info\/index\/wp-json\/wp\/v2\/media?parent=2885"}],"wp:term":[{"taxonomy":"category","embeddable":true,"href":"https:\/\/www.pedroandretta.info\/index\/wp-json\/wp\/v2\/categories?post=2885"},{"taxonomy":"post_tag","embeddable":true,"href":"https:\/\/www.pedroandretta.info\/index\/wp-json\/wp\/v2\/tags?post=2885"}],"curies":[{"name":"wp","href":"https:\/\/api.w.org\/{rel}","templated":true}]}}