{"id":2888,"date":"2019-11-08T15:13:38","date_gmt":"2019-11-08T15:13:38","guid":{"rendered":"https:\/\/www.pedroandretta.info\/index\/?p=2888"},"modified":"2019-11-08T15:13:38","modified_gmt":"2019-11-08T15:13:38","slug":"manifesto-em-defesa-das-bibliotecas-publicas-no-brasil-2019-pelo-direito","status":"publish","type":"post","link":"https:\/\/www.pedroandretta.info\/index\/2019\/11\/manifesto-em-defesa-das-bibliotecas-publicas-no-brasil-2019-pelo-direito\/","title":{"rendered":"Manifesto em Defesa das #Bibliotecas P\u00fablicas no Brasil 2019 [&#8230;] Pelo direito &#8230;"},"content":{"rendered":"<p>[ad_1]<\/p>\n<blockquote class=\"twitter-tweet\">\n<p lang=\"pt\" dir=\"ltr\">Manifesto em Defesa das <a target=\"_blank\" href=\"https:\/\/twitter.com\/hashtag\/Bibliotecas?src=hash&amp;ref_src=twsrc%5Etfw\" rel=\"noopener noreferrer\">#Bibliotecas<\/a> P\u00fablicas no Brasil 2019 [&#8230;] Pelo direito \u00e0 leitura! Pelo direito ao acesso \u00e0 informa\u00e7\u00e3o e \u00e0 cultura! Pelo direito \u00e0 <a target=\"_blank\" href=\"https:\/\/twitter.com\/hashtag\/bibliotecasp%C3%BAblicas?src=hash&amp;ref_src=twsrc%5Etfw\" rel=\"noopener noreferrer\">#bibliotecasp\u00fablicas<\/a> municipais e estaduais de qualidade em todo territ\u00f3rio nacional! \u2066<a target=\"_blank\" href=\"https:\/\/twitter.com\/febab?ref_src=twsrc%5Etfw\" rel=\"noopener noreferrer\">@febab<\/a>\u2069  <a target=\"_blank\" href=\"https:\/\/t.co\/RAcxOKKEMW\" rel=\"noopener noreferrer\">https:\/\/t.co\/RAcxOKKEMW<\/a><\/p>\n<p>&mdash; Pedro Andretta (@andretta_pedro) <a target=\"_blank\" href=\"https:\/\/twitter.com\/andretta_pedro\/status\/1192822494480257026?ref_src=twsrc%5Etfw\" rel=\"noopener noreferrer\">November 8, 2019<\/a><\/p><\/blockquote>\n<p><script async src=\"https:\/\/platform.twitter.com\/widgets.js\" charset=\"utf-8\"><\/script><\/p>\n<p>[ad_2]<br \/>\n<br \/><a href=\"https:\/\/twitter.com\/andretta_pedro\/statuses\/1192822494480257026\">Source<\/a> by <a href=\"https:\/\/t.co\/MfIsGWjH1p\">Pedro Andretta<\/a><\/p>\n","protected":false},"excerpt":{"rendered":"<p>[ad_1] Manifesto em Defesa das #Bibliotecas P\u00fablicas no Brasil 2019 [&#8230;] Pelo direito \u00e0 leitura! Pelo direito ao acesso \u00e0 informa\u00e7\u00e3o e \u00e0 cultura! Pelo direito \u00e0 #bibliotecasp\u00fablicas municipais e estaduais de qualidade em todo territ\u00f3rio nacional! \u2066@febab\u2069 https:\/\/t.co\/RAcxOKKEMW &mdash; Pedro Andretta (@andretta_pedro) November 8, 2019 [ad_2] Source by Pedro Andretta<\/p>\n","protected":false},"author":1,"featured_media":0,"comment_status":"closed","ping_status":"open","sticky":false,"template":"","format":"standard","meta":{"_jetpack_memberships_contains_paid_content":false,"footnotes":"","jetpack_publicize_message":"","jetpack_publicize_feature_enabled":true,"jetpack_social_post_already_shared":false,"jetpack_social_options":{"image_generator_settings":{"template":"highway","default_image_id":0,"font":"","enabled":false},"version":2}},"categories":[21],"tags":[38,39],"class_list":["post-2888","post","type-post","status-publish","format-standard","hentry","category-informeci","tag-bibliotecas","tag-bibliotecaspublicas"],"jetpack_publicize_connections":[],"jetpack_featured_media_url":"","views":"","jetpack_sharing_enabled":true,"_links":{"self":[{"href":"https:\/\/www.pedroandretta.info\/index\/wp-json\/wp\/v2\/posts\/2888","targetHints":{"allow":["GET"]}}],"collection":[{"href":"https:\/\/www.pedroandretta.info\/index\/wp-json\/wp\/v2\/posts"}],"about":[{"href":"https:\/\/www.pedroandretta.info\/index\/wp-json\/wp\/v2\/types\/post"}],"author":[{"embeddable":true,"href":"https:\/\/www.pedroandretta.info\/index\/wp-json\/wp\/v2\/users\/1"}],"replies":[{"embeddable":true,"href":"https:\/\/www.pedroandretta.info\/index\/wp-json\/wp\/v2\/comments?post=2888"}],"version-history":[{"count":0,"href":"https:\/\/www.pedroandretta.info\/index\/wp-json\/wp\/v2\/posts\/2888\/revisions"}],"wp:attachment":[{"href":"https:\/\/www.pedroandretta.info\/index\/wp-json\/wp\/v2\/media?parent=2888"}],"wp:term":[{"taxonomy":"category","embeddable":true,"href":"https:\/\/www.pedroandretta.info\/index\/wp-json\/wp\/v2\/categories?post=2888"},{"taxonomy":"post_tag","embeddable":true,"href":"https:\/\/www.pedroandretta.info\/index\/wp-json\/wp\/v2\/tags?post=2888"}],"curies":[{"name":"wp","href":"https:\/\/api.w.org\/{rel}","templated":true}]}}