{"id":2896,"date":"2019-11-10T19:20:51","date_gmt":"2019-11-10T19:20:51","guid":{"rendered":"https:\/\/www.pedroandretta.info\/index\/?p=2896"},"modified":"2019-11-10T19:20:51","modified_gmt":"2019-11-10T19:20:51","slug":"badnews-lembrando-que-a-secretaria-especial-da-cultura-esta-na-mao-roberto-a","status":"publish","type":"post","link":"https:\/\/www.pedroandretta.info\/index\/2019\/11\/badnews-lembrando-que-a-secretaria-especial-da-cultura-esta-na-mao-roberto-a\/","title":{"rendered":"#badnews ! Lembrando que a  Secretaria Especial da Cultura est\u00e1 na m\u00e3o Roberto A&#8230;"},"content":{"rendered":"<p>[ad_1]<\/p>\n<blockquote class=\"twitter-tweet\">\n<p lang=\"pt\" dir=\"ltr\"><a target=\"_blank\" href=\"https:\/\/twitter.com\/hashtag\/badnews?src=hash&amp;ref_src=twsrc%5Etfw\" rel=\"noopener noreferrer\">#badnews<\/a> ! Lembrando que a  Secretaria Especial da Cultura est\u00e1 na m\u00e3o Roberto Alvim, o cara que ofendeu a atriz Fernanda Montenegro e depois anunciou o lan\u00e7amento de uma \u201cm\u00e1quina de guerra cultural\u201d e convocou \u201cartistas conservadores\u201d&#8230; <a target=\"_blank\" href=\"https:\/\/t.co\/DlkfdbZcw4\" rel=\"noopener noreferrer\">https:\/\/t.co\/DlkfdbZcw4<\/a><\/p>\n<p>&mdash; Pedro Andretta (@andretta_pedro) <a target=\"_blank\" href=\"https:\/\/twitter.com\/andretta_pedro\/status\/1193609482997252098?ref_src=twsrc%5Etfw\" rel=\"noopener noreferrer\">November 10, 2019<\/a><\/p><\/blockquote>\n<p><script async src=\"https:\/\/platform.twitter.com\/widgets.js\" charset=\"utf-8\"><\/script><\/p>\n<p>[ad_2]<br \/>\n<br \/><a href=\"https:\/\/twitter.com\/andretta_pedro\/statuses\/1193609482997252098\">Source<\/a> by <a href=\"https:\/\/t.co\/MfIsGWjH1p\">Pedro Andretta<\/a><\/p>\n","protected":false},"excerpt":{"rendered":"<p>[ad_1] #badnews ! Lembrando que a Secretaria Especial da Cultura est\u00e1 na m\u00e3o Roberto Alvim, o cara que ofendeu a atriz Fernanda Montenegro e depois anunciou o lan\u00e7amento de uma \u201cm\u00e1quina de guerra cultural\u201d e convocou \u201cartistas conservadores\u201d&#8230; https:\/\/t.co\/DlkfdbZcw4 &mdash; Pedro Andretta (@andretta_pedro) November 10, 2019 [ad_2] Source by Pedro Andretta<\/p>\n","protected":false},"author":1,"featured_media":0,"comment_status":"closed","ping_status":"open","sticky":false,"template":"","format":"standard","meta":{"_jetpack_memberships_contains_paid_content":false,"footnotes":"","jetpack_publicize_message":"","jetpack_publicize_feature_enabled":true,"jetpack_social_post_already_shared":false,"jetpack_social_options":{"image_generator_settings":{"template":"highway","default_image_id":0,"font":"","enabled":false},"version":2}},"categories":[21],"tags":[88],"class_list":["post-2896","post","type-post","status-publish","format-standard","hentry","category-informeci","tag-badnews"],"jetpack_publicize_connections":[],"jetpack_featured_media_url":"","views":"","jetpack_sharing_enabled":true,"_links":{"self":[{"href":"https:\/\/www.pedroandretta.info\/index\/wp-json\/wp\/v2\/posts\/2896","targetHints":{"allow":["GET"]}}],"collection":[{"href":"https:\/\/www.pedroandretta.info\/index\/wp-json\/wp\/v2\/posts"}],"about":[{"href":"https:\/\/www.pedroandretta.info\/index\/wp-json\/wp\/v2\/types\/post"}],"author":[{"embeddable":true,"href":"https:\/\/www.pedroandretta.info\/index\/wp-json\/wp\/v2\/users\/1"}],"replies":[{"embeddable":true,"href":"https:\/\/www.pedroandretta.info\/index\/wp-json\/wp\/v2\/comments?post=2896"}],"version-history":[{"count":0,"href":"https:\/\/www.pedroandretta.info\/index\/wp-json\/wp\/v2\/posts\/2896\/revisions"}],"wp:attachment":[{"href":"https:\/\/www.pedroandretta.info\/index\/wp-json\/wp\/v2\/media?parent=2896"}],"wp:term":[{"taxonomy":"category","embeddable":true,"href":"https:\/\/www.pedroandretta.info\/index\/wp-json\/wp\/v2\/categories?post=2896"},{"taxonomy":"post_tag","embeddable":true,"href":"https:\/\/www.pedroandretta.info\/index\/wp-json\/wp\/v2\/tags?post=2896"}],"curies":[{"name":"wp","href":"https:\/\/api.w.org\/{rel}","templated":true}]}}