{"id":28964,"date":"2025-02-01T16:30:50","date_gmt":"2025-02-01T20:30:50","guid":{"rendered":"https:\/\/www.pedroandretta.info\/index\/?p=28964"},"modified":"2025-02-01T16:30:54","modified_gmt":"2025-02-01T20:30:54","slug":"curadoria-de-conteudo-no-jornalismo-caracteristicas-gerais-e-uso-de-mecanismos-de-busca-com-inteligencia-artificial-lluis-codina","status":"publish","type":"post","link":"https:\/\/www.pedroandretta.info\/index\/2025\/02\/curadoria-de-conteudo-no-jornalismo-caracteristicas-gerais-e-uso-de-mecanismos-de-busca-com-inteligencia-artificial-lluis-codina\/","title":{"rendered":"Curadoria de conte\u00fado no jornalismo: caracter\u00edsticas gerais e uso de mecanismos de busca com intelig\u00eancia artificial \/ Llu\u00eds Codina"},"content":{"rendered":"\n<p><strong>Curadoria de conte\u00fado no jornalismo: caracter\u00edsticas gerais e uso de mecanismos de busca com intelig\u00eancia artificial<\/strong><\/p>\n\n\n\n<p>No novo contexto de buscas com sistemas de intelig\u00eancia artificial, a curadoria de conte\u00fado assume caracter\u00edsticas distintivas, sendo a mais evidente a obten\u00e7\u00e3o de respostas diretas, na forma de algum tipo de s\u00edntese narrativa mais ou menos estruturada, em vez de listas de documentos.<br>Essa diferen\u00e7a \u00e9 fundamental porque pode acelerar o processo de recupera\u00e7\u00e3o em um campo t\u00e3o sens\u00edvel ao tempo como o jornalismo. Obviamente, isso \u00e9 algo especialmente valioso para profissionais de comunica\u00e7\u00e3o em geral, n\u00e3o apenas para o jornalismo (Apablaza-Campos, 2023).<\/p>\n\n\n\n<p>via Llu\u00eds Codina<\/p>\n\n\n\n<p>#CuradoriaDeConte\u00fado #IA<\/p>\n\n\n\n<p>Dispon\u00edvel em: <a href=\"https:\/\/www.lluiscodina.com\/curacion-contenidos-periodismo-ia\/\">https:\/\/www.lluiscodina.com\/curacion-contenidos-periodismo-ia\/<\/a><\/p>\n\n\n\n<figure class=\"wp-block-image size-large\"><img data-recalc-dims=\"1\" decoding=\"async\" width=\"600\" height=\"463\" src=\"https:\/\/i0.wp.com\/www.pedroandretta.info\/index\/wp-content\/uploads\/2025\/02\/image.png?resize=600%2C463&#038;ssl=1\" alt=\"\" class=\"wp-image-28965\" srcset=\"https:\/\/i0.wp.com\/www.pedroandretta.info\/index\/wp-content\/uploads\/2025\/02\/image.png?resize=600%2C463&amp;ssl=1 600w, https:\/\/i0.wp.com\/www.pedroandretta.info\/index\/wp-content\/uploads\/2025\/02\/image.png?resize=300%2C231&amp;ssl=1 300w, https:\/\/i0.wp.com\/www.pedroandretta.info\/index\/wp-content\/uploads\/2025\/02\/image.png?w=651&amp;ssl=1 651w\" sizes=\"(max-width: 600px) 100vw, 600px\" \/><\/figure>\n","protected":false},"excerpt":{"rendered":"<p>Curadoria de conte\u00fado no jornalismo: caracter\u00edsticas gerais e uso de mecanismos de busca com intelig\u00eancia artificial No novo contexto de buscas com sistemas de intelig\u00eancia artificial, a curadoria de conte\u00fado assume caracter\u00edsticas distintivas, sendo a mais evidente a obten\u00e7\u00e3o de respostas diretas, na forma de algum tipo de s\u00edntese narrativa mais ou menos estruturada, em<\/p><\/div>\n<div class=\"blog-btn\"><a href=\"https:\/\/www.pedroandretta.info\/index\/2025\/02\/curadoria-de-conteudo-no-jornalismo-caracteristicas-gerais-e-uso-de-mecanismos-de-busca-com-inteligencia-artificial-lluis-codina\/\" class=\"home-blog-btn\">Ler mais<\/a><\/p>\n","protected":false},"author":1,"featured_media":0,"comment_status":"open","ping_status":"open","sticky":false,"template":"","format":"standard","meta":{"_jetpack_newsletter_access":"","_jetpack_dont_email_post_to_subs":false,"_jetpack_newsletter_tier_id":0,"_jetpack_memberships_contains_paywalled_content":false,"_jetpack_feature_clip_id":0,"_jetpack_memberships_contains_paid_content":false,"footnotes":"","jetpack_publicize_message":"","jetpack_publicize_feature_enabled":true,"jetpack_social_post_already_shared":true,"jetpack_social_options":{"image_generator_settings":{"template":"highway","default_image_id":0,"font":"","enabled":false},"version":2},"jetpack_post_was_ever_published":false},"categories":[21],"tags":[460,1994],"class_list":["post-28964","post","type-post","status-publish","format-standard","hentry","category-informeci","tag-curadoriadeconteudo","tag-inteligenciaartificial"],"jetpack_publicize_connections":[],"jetpack_featured_media_url":"","views":"","jetpack_sharing_enabled":true,"_links":{"self":[{"href":"https:\/\/www.pedroandretta.info\/index\/wp-json\/wp\/v2\/posts\/28964","targetHints":{"allow":["GET"]}}],"collection":[{"href":"https:\/\/www.pedroandretta.info\/index\/wp-json\/wp\/v2\/posts"}],"about":[{"href":"https:\/\/www.pedroandretta.info\/index\/wp-json\/wp\/v2\/types\/post"}],"author":[{"embeddable":true,"href":"https:\/\/www.pedroandretta.info\/index\/wp-json\/wp\/v2\/users\/1"}],"replies":[{"embeddable":true,"href":"https:\/\/www.pedroandretta.info\/index\/wp-json\/wp\/v2\/comments?post=28964"}],"version-history":[{"count":0,"href":"https:\/\/www.pedroandretta.info\/index\/wp-json\/wp\/v2\/posts\/28964\/revisions"}],"wp:attachment":[{"href":"https:\/\/www.pedroandretta.info\/index\/wp-json\/wp\/v2\/media?parent=28964"}],"wp:term":[{"taxonomy":"category","embeddable":true,"href":"https:\/\/www.pedroandretta.info\/index\/wp-json\/wp\/v2\/categories?post=28964"},{"taxonomy":"post_tag","embeddable":true,"href":"https:\/\/www.pedroandretta.info\/index\/wp-json\/wp\/v2\/tags?post=28964"}],"curies":[{"name":"wp","href":"https:\/\/api.w.org\/{rel}","templated":true}]}}