{"id":29019,"date":"2025-02-05T10:34:26","date_gmt":"2025-02-05T14:34:26","guid":{"rendered":"https:\/\/www.pedroandretta.info\/index\/?p=29019"},"modified":"2025-02-05T10:34:30","modified_gmt":"2025-02-05T14:34:30","slug":"alunos-pretos-pardos-e-brancos-desigualdade-educacional-que-se-mede-em-anos-revista-educacao","status":"publish","type":"post","link":"https:\/\/www.pedroandretta.info\/index\/2025\/02\/alunos-pretos-pardos-e-brancos-desigualdade-educacional-que-se-mede-em-anos-revista-educacao\/","title":{"rendered":"Alunos pretos, pardos e brancos: desigualdade educacional que se mede em anos \/ Revista Educa\u00e7\u00e3o"},"content":{"rendered":"\n<p><strong>Alunos pretos, pardos e brancos: desigualdade educacional que se mede em anos<\/strong><\/p>\n\n\n\n<p>Estudantes pretos e pardos t\u00eam uma d\u00e9cada de atraso em rela\u00e7\u00e3o aos brancos no que se refere \u00e0 conclus\u00e3o do ensino fundamental \u2014 e esse \u00e9 apenas um dos muitos indicadores da desigualdade. Especialistas indicam como a escola pode ser mais atraente e promover a equidade.<\/p>\n\n\n\n<p>#DesigualdadeRacial #Educa\u00e7\u00e3oB\u00e1sica<\/p>\n\n\n\n<p>via Revista Educa\u00e7\u00e3o<\/p>\n\n\n\n<p>Dispon\u00edvel em: <a href=\"https:\/\/revistaeducacao.com.br\/2025\/02\/04\/desigualdade-educacional\/\">https:\/\/revistaeducacao.com.br\/2025\/02\/04\/desigualdade-educacional\/<\/a><\/p>\n","protected":false},"excerpt":{"rendered":"<p>Alunos pretos, pardos e brancos: desigualdade educacional que se mede em anos Estudantes pretos e pardos t\u00eam uma d\u00e9cada de atraso em rela\u00e7\u00e3o aos brancos no que se refere \u00e0 conclus\u00e3o do ensino fundamental \u2014 e esse \u00e9 apenas um dos muitos indicadores da desigualdade. Especialistas indicam como a escola pode ser mais atraente e<\/p><\/div>\n<div class=\"blog-btn\"><a href=\"https:\/\/www.pedroandretta.info\/index\/2025\/02\/alunos-pretos-pardos-e-brancos-desigualdade-educacional-que-se-mede-em-anos-revista-educacao\/\" class=\"home-blog-btn\">Ler mais<\/a><\/p>\n","protected":false},"author":1,"featured_media":0,"comment_status":"open","ping_status":"open","sticky":false,"template":"","format":"standard","meta":{"_jetpack_memberships_contains_paid_content":false,"footnotes":"","jetpack_publicize_message":"","jetpack_publicize_feature_enabled":true,"jetpack_social_post_already_shared":true,"jetpack_social_options":{"image_generator_settings":{"template":"highway","default_image_id":0,"font":"","enabled":false},"version":2}},"categories":[21],"tags":[349,2603,1952],"class_list":["post-29019","post","type-post","status-publish","format-standard","hentry","category-informeci","tag-desigualdade","tag-desigualdaderacial","tag-educacaobasica"],"jetpack_publicize_connections":[],"jetpack_featured_media_url":"","views":"","jetpack_sharing_enabled":true,"_links":{"self":[{"href":"https:\/\/www.pedroandretta.info\/index\/wp-json\/wp\/v2\/posts\/29019","targetHints":{"allow":["GET"]}}],"collection":[{"href":"https:\/\/www.pedroandretta.info\/index\/wp-json\/wp\/v2\/posts"}],"about":[{"href":"https:\/\/www.pedroandretta.info\/index\/wp-json\/wp\/v2\/types\/post"}],"author":[{"embeddable":true,"href":"https:\/\/www.pedroandretta.info\/index\/wp-json\/wp\/v2\/users\/1"}],"replies":[{"embeddable":true,"href":"https:\/\/www.pedroandretta.info\/index\/wp-json\/wp\/v2\/comments?post=29019"}],"version-history":[{"count":0,"href":"https:\/\/www.pedroandretta.info\/index\/wp-json\/wp\/v2\/posts\/29019\/revisions"}],"wp:attachment":[{"href":"https:\/\/www.pedroandretta.info\/index\/wp-json\/wp\/v2\/media?parent=29019"}],"wp:term":[{"taxonomy":"category","embeddable":true,"href":"https:\/\/www.pedroandretta.info\/index\/wp-json\/wp\/v2\/categories?post=29019"},{"taxonomy":"post_tag","embeddable":true,"href":"https:\/\/www.pedroandretta.info\/index\/wp-json\/wp\/v2\/tags?post=29019"}],"curies":[{"name":"wp","href":"https:\/\/api.w.org\/{rel}","templated":true}]}}