{"id":2910,"date":"2019-10-31T22:46:50","date_gmt":"2019-10-31T22:46:50","guid":{"rendered":"https:\/\/www.pedroandretta.info\/index\/?p=2910"},"modified":"2019-10-31T22:46:50","modified_gmt":"2019-10-31T22:46:50","slug":"espero-que-as-dicas-ajudem-voces-e-nao-se-esquecam-de-usar-as-tags-acwrimo-e","status":"publish","type":"post","link":"https:\/\/www.pedroandretta.info\/index\/2019\/10\/espero-que-as-dicas-ajudem-voces-e-nao-se-esquecam-de-usar-as-tags-acwrimo-e\/","title":{"rendered":"Espero que as dicas ajudem voc\u00eas, e n\u00e3o se esque\u00e7am de usar as tags #AcWriMo e #&#8230;"},"content":{"rendered":"<p>[ad_1]<\/p>\n<blockquote class=\"twitter-tweet\">\n<p lang=\"pt\" dir=\"ltr\">Espero que as dicas ajudem voc\u00eas, e n\u00e3o se esque\u00e7am de usar as tags <a target=\"_blank\" href=\"https:\/\/twitter.com\/hashtag\/AcWriMo?src=hash&amp;ref_src=twsrc%5Etfw\" rel=\"noopener noreferrer\">#AcWriMo<\/a> e <a target=\"_blank\" href=\"https:\/\/twitter.com\/hashtag\/AcWriMoBR?src=hash&amp;ref_src=twsrc%5Etfw\" rel=\"noopener noreferrer\">#AcWriMoBR<\/a> pra gente conversar. N\u00e3o esperem o Twitter mostrar as coisas pra voc\u00eas, usem a ferramenta a seu favor :) E bora botar os nomes na planilha, gente! <a target=\"_blank\" href=\"https:\/\/t.co\/3ttDKHmtFQ\" rel=\"noopener noreferrer\">https:\/\/t.co\/3ttDKHmtFQ<\/a><\/p>\n<p>&mdash; iara vidal (@iaravps) <a target=\"_blank\" href=\"https:\/\/twitter.com\/iaravps\/status\/1190037442956603392?ref_src=twsrc%5Etfw\" rel=\"noopener noreferrer\">October 31, 2019<\/a><\/p><\/blockquote>\n<p><script async src=\"https:\/\/platform.twitter.com\/widgets.js\" charset=\"utf-8\"><\/script><\/p>\n<p>[ad_2]<br \/>\n<br \/><a href=\"https:\/\/twitter.com\/iaravps\/statuses\/1190037442956603392\">Source<\/a> by <a href=\"https:\/\/t.co\/PuEhi4DZtJ\">iara vidal<\/a><\/p>\n","protected":false},"excerpt":{"rendered":"<p>[ad_1] Espero que as dicas ajudem voc\u00eas, e n\u00e3o se esque\u00e7am de usar as tags #AcWriMo e #AcWriMoBR pra gente conversar. N\u00e3o esperem o Twitter mostrar as coisas pra voc\u00eas, usem a ferramenta a seu favor :) E bora botar os nomes na planilha, gente! https:\/\/t.co\/3ttDKHmtFQ &mdash; iara vidal (@iaravps) October 31, 2019 [ad_2] Source<\/p><\/div>\n<div class=\"blog-btn\"><a href=\"https:\/\/www.pedroandretta.info\/index\/2019\/10\/espero-que-as-dicas-ajudem-voces-e-nao-se-esquecam-de-usar-as-tags-acwrimo-e\/\" class=\"home-blog-btn\">Ler mais<\/a><\/p>\n","protected":false},"author":1,"featured_media":0,"comment_status":"closed","ping_status":"open","sticky":false,"template":"","format":"standard","meta":{"_jetpack_memberships_contains_paid_content":false,"footnotes":"","jetpack_publicize_message":"","jetpack_publicize_feature_enabled":true,"jetpack_social_post_already_shared":false,"jetpack_social_options":{"image_generator_settings":{"template":"highway","default_image_id":0,"font":"","enabled":false},"version":2}},"categories":[21],"tags":[89,90],"class_list":["post-2910","post","type-post","status-publish","format-standard","hentry","category-informeci","tag-acwrimo","tag-acwrimobr"],"jetpack_publicize_connections":[],"jetpack_featured_media_url":"","views":"","jetpack_sharing_enabled":true,"_links":{"self":[{"href":"https:\/\/www.pedroandretta.info\/index\/wp-json\/wp\/v2\/posts\/2910","targetHints":{"allow":["GET"]}}],"collection":[{"href":"https:\/\/www.pedroandretta.info\/index\/wp-json\/wp\/v2\/posts"}],"about":[{"href":"https:\/\/www.pedroandretta.info\/index\/wp-json\/wp\/v2\/types\/post"}],"author":[{"embeddable":true,"href":"https:\/\/www.pedroandretta.info\/index\/wp-json\/wp\/v2\/users\/1"}],"replies":[{"embeddable":true,"href":"https:\/\/www.pedroandretta.info\/index\/wp-json\/wp\/v2\/comments?post=2910"}],"version-history":[{"count":0,"href":"https:\/\/www.pedroandretta.info\/index\/wp-json\/wp\/v2\/posts\/2910\/revisions"}],"wp:attachment":[{"href":"https:\/\/www.pedroandretta.info\/index\/wp-json\/wp\/v2\/media?parent=2910"}],"wp:term":[{"taxonomy":"category","embeddable":true,"href":"https:\/\/www.pedroandretta.info\/index\/wp-json\/wp\/v2\/categories?post=2910"},{"taxonomy":"post_tag","embeddable":true,"href":"https:\/\/www.pedroandretta.info\/index\/wp-json\/wp\/v2\/tags?post=2910"}],"curies":[{"name":"wp","href":"https:\/\/api.w.org\/{rel}","templated":true}]}}