{"id":29151,"date":"2025-02-14T08:42:46","date_gmt":"2025-02-14T12:42:46","guid":{"rendered":"https:\/\/www.pedroandretta.info\/index\/?p=29151"},"modified":"2025-02-14T08:42:50","modified_gmt":"2025-02-14T12:42:50","slug":"redacao-enem-pandemia-pode-ser-a-causa-do-menor-numero-de-notas-maximas-em-10-anos-revista-educacao","status":"publish","type":"post","link":"https:\/\/www.pedroandretta.info\/index\/2025\/02\/redacao-enem-pandemia-pode-ser-a-causa-do-menor-numero-de-notas-maximas-em-10-anos-revista-educacao\/","title":{"rendered":"Reda\u00e7\u00e3o Enem: pandemia pode ser a causa do menor n\u00famero de notas m\u00e1ximas em 10 anos \/ Revista Educa\u00e7\u00e3o"},"content":{"rendered":"\n<p><strong>Reda\u00e7\u00e3o Enem: pandemia pode ser a causa do menor n\u00famero de notas m\u00e1ximas em 10 anos<\/strong><\/p>\n\n\n\n<p>\u201c\u00c9 preciso levar em considera\u00e7\u00e3o que esta \u00e9 a primeira turma de ensino m\u00e9dio formada ap\u00f3s a pandemia, ou seja, uma gera\u00e7\u00e3o de alunos que finalizou a forma\u00e7\u00e3o b\u00e1sica no modelo remoto. Outro aspecto \u00e9 a influ\u00eancia da linguagem digital, a qual possibilita e permite marcas de oralidade e desvios da norma padr\u00e3o, bem como de todas as ferramentas que facilitam o ato de pensar e o plano da express\u00e3o\u201d, ressalta Mait\u00ea Ferreira.<\/p>\n\n\n\n<p>via Revista Educa\u00e7\u00e3o<\/p>\n\n\n\n<p>#Educa\u00e7\u00e3oB\u00e1sica #ENEM #Pandemia<\/p>\n\n\n\n<p>Dispon\u00edvel em: <a href=\"https:\/\/www.publishnews.com.br\/materias\/2025\/02\/13\/pmc-setor-de-livros-jornais-e-revistas-registra-queda-de-77-em-2024\">https:\/\/www.publishnews.com.br\/materias\/2025\/02\/13\/pmc-setor-de-livros-jornais-e-revistas-registra-queda-de-77-em-2024<\/a><\/p>\n","protected":false},"excerpt":{"rendered":"<p>Reda\u00e7\u00e3o Enem: pandemia pode ser a causa do menor n\u00famero de notas m\u00e1ximas em 10 anos \u201c\u00c9 preciso levar em considera\u00e7\u00e3o que esta \u00e9 a primeira turma de ensino m\u00e9dio formada ap\u00f3s a pandemia, ou seja, uma gera\u00e7\u00e3o de alunos que finalizou a forma\u00e7\u00e3o b\u00e1sica no modelo remoto. Outro aspecto \u00e9 a influ\u00eancia da linguagem<\/p><\/div>\n<div class=\"blog-btn\"><a href=\"https:\/\/www.pedroandretta.info\/index\/2025\/02\/redacao-enem-pandemia-pode-ser-a-causa-do-menor-numero-de-notas-maximas-em-10-anos-revista-educacao\/\" class=\"home-blog-btn\">Ler mais<\/a><\/p>\n","protected":false},"author":1,"featured_media":0,"comment_status":"open","ping_status":"open","sticky":false,"template":"","format":"standard","meta":{"_jetpack_newsletter_access":"","_jetpack_dont_email_post_to_subs":false,"_jetpack_newsletter_tier_id":0,"_jetpack_memberships_contains_paywalled_content":false,"_jetpack_feature_clip_id":0,"_jetpack_memberships_contains_paid_content":false,"footnotes":"","jetpack_publicize_message":"","jetpack_publicize_feature_enabled":true,"jetpack_social_post_already_shared":true,"jetpack_social_options":{"image_generator_settings":{"template":"highway","default_image_id":0,"font":"","enabled":false},"version":2},"jetpack_post_was_ever_published":false},"categories":[21],"tags":[1952,1331,629],"class_list":["post-29151","post","type-post","status-publish","format-standard","hentry","category-informeci","tag-educacaobasica","tag-enem","tag-pandemia"],"jetpack_publicize_connections":[],"jetpack_featured_media_url":"","views":"","jetpack_sharing_enabled":true,"_links":{"self":[{"href":"https:\/\/www.pedroandretta.info\/index\/wp-json\/wp\/v2\/posts\/29151","targetHints":{"allow":["GET"]}}],"collection":[{"href":"https:\/\/www.pedroandretta.info\/index\/wp-json\/wp\/v2\/posts"}],"about":[{"href":"https:\/\/www.pedroandretta.info\/index\/wp-json\/wp\/v2\/types\/post"}],"author":[{"embeddable":true,"href":"https:\/\/www.pedroandretta.info\/index\/wp-json\/wp\/v2\/users\/1"}],"replies":[{"embeddable":true,"href":"https:\/\/www.pedroandretta.info\/index\/wp-json\/wp\/v2\/comments?post=29151"}],"version-history":[{"count":0,"href":"https:\/\/www.pedroandretta.info\/index\/wp-json\/wp\/v2\/posts\/29151\/revisions"}],"wp:attachment":[{"href":"https:\/\/www.pedroandretta.info\/index\/wp-json\/wp\/v2\/media?parent=29151"}],"wp:term":[{"taxonomy":"category","embeddable":true,"href":"https:\/\/www.pedroandretta.info\/index\/wp-json\/wp\/v2\/categories?post=29151"},{"taxonomy":"post_tag","embeddable":true,"href":"https:\/\/www.pedroandretta.info\/index\/wp-json\/wp\/v2\/tags?post=29151"}],"curies":[{"name":"wp","href":"https:\/\/api.w.org\/{rel}","templated":true}]}}