{"id":2916,"date":"2019-11-06T13:38:50","date_gmt":"2019-11-06T13:38:50","guid":{"rendered":"https:\/\/www.pedroandretta.info\/index\/?p=2916"},"modified":"2019-11-06T13:38:50","modified_gmt":"2019-11-06T13:38:50","slug":"ei-bibliotecario-vc-tem-20-min-veja-o-documentario-crecer-leyendo-por-una","status":"publish","type":"post","link":"https:\/\/www.pedroandretta.info\/index\/2019\/11\/ei-bibliotecario-vc-tem-20-min-veja-o-documentario-crecer-leyendo-por-una\/","title":{"rendered":"Ei #bibliotec\u00e1rio , vc tem 20 min? Veja o document\u00e1rio \u201cCrecer leyendo: por una &#8230;"},"content":{"rendered":"<p>[ad_1]<\/p>\n<blockquote class=\"twitter-tweet\">\n<p lang=\"pt\" dir=\"ltr\">Ei <a target=\"_blank\" href=\"https:\/\/twitter.com\/hashtag\/bibliotec%C3%A1rio?src=hash&amp;ref_src=twsrc%5Etfw\" rel=\"noopener noreferrer\">#bibliotec\u00e1rio<\/a> , vc tem 20 min? Veja o document\u00e1rio \u201cCrecer leyendo: por una <a target=\"_blank\" href=\"https:\/\/twitter.com\/hashtag\/biblioteca?src=hash&amp;ref_src=twsrc%5Etfw\" rel=\"noopener noreferrer\">#biblioteca<\/a> inclusiva desde la infancia\u201d da \u2066<a target=\"_blank\" href=\"https:\/\/twitter.com\/Biblio_Social?ref_src=twsrc%5Etfw\" rel=\"noopener noreferrer\">@Biblio_Social<\/a>\u2069 .V\u00eddeo mostra como a <a target=\"_blank\" href=\"https:\/\/twitter.com\/hashtag\/bibliotecap%C3%BAblica?src=hash&amp;ref_src=twsrc%5Etfw\" rel=\"noopener noreferrer\">#bibliotecap\u00fablica<\/a> contribui para melhorar a situa\u00e7\u00e3o das <a target=\"_blank\" href=\"https:\/\/twitter.com\/hashtag\/crian%C3%A7as?src=hash&amp;ref_src=twsrc%5Etfw\" rel=\"noopener noreferrer\">#crian\u00e7as<\/a> . <a target=\"_blank\" href=\"https:\/\/twitter.com\/hashtag\/bibliotecaescolar?src=hash&amp;ref_src=twsrc%5Etfw\" rel=\"noopener noreferrer\">#bibliotecaescolar<\/a> <a target=\"_blank\" href=\"https:\/\/t.co\/YuvTM0dE9v\" rel=\"noopener noreferrer\">https:\/\/t.co\/YuvTM0dE9v<\/a><\/p>\n<p>&mdash; Pedro Andretta (@andretta_pedro) <a target=\"_blank\" href=\"https:\/\/twitter.com\/andretta_pedro\/status\/1192073861430468609?ref_src=twsrc%5Etfw\" rel=\"noopener noreferrer\">November 6, 2019<\/a><\/p><\/blockquote>\n<p><script async src=\"https:\/\/platform.twitter.com\/widgets.js\" charset=\"utf-8\"><\/script><\/p>\n<p>[ad_2]<br \/>\n<br \/><a href=\"https:\/\/twitter.com\/andretta_pedro\/statuses\/1192073861430468609\">Source<\/a> by <a href=\"https:\/\/t.co\/MfIsGWjH1p\">Pedro Andretta<\/a><\/p>\n","protected":false},"excerpt":{"rendered":"<p>[ad_1] Ei #bibliotec\u00e1rio , vc tem 20 min? Veja o document\u00e1rio \u201cCrecer leyendo: por una #biblioteca inclusiva desde la infancia\u201d da \u2066@Biblio_Social\u2069 .V\u00eddeo mostra como a #bibliotecap\u00fablica contribui para melhorar a situa\u00e7\u00e3o das #crian\u00e7as . #bibliotecaescolar https:\/\/t.co\/YuvTM0dE9v &mdash; Pedro Andretta (@andretta_pedro) November 6, 2019 [ad_2] Source by Pedro Andretta<\/p>\n","protected":false},"author":1,"featured_media":0,"comment_status":"closed","ping_status":"open","sticky":false,"template":"","format":"standard","meta":{"_jetpack_newsletter_access":"","_jetpack_dont_email_post_to_subs":false,"_jetpack_newsletter_tier_id":0,"_jetpack_memberships_contains_paywalled_content":false,"_jetpack_feature_clip_id":0,"_jetpack_memberships_contains_paid_content":false,"footnotes":"","jetpack_publicize_message":"","jetpack_publicize_feature_enabled":true,"jetpack_social_post_already_shared":false,"jetpack_social_options":{"image_generator_settings":{"template":"highway","default_image_id":0,"font":"","enabled":false},"version":2},"jetpack_post_was_ever_published":false},"categories":[21],"tags":[22,38,79,39,147],"class_list":["post-2916","post","type-post","status-publish","format-standard","hentry","category-informeci","tag-bibliotecarios","tag-bibliotecas","tag-bibliotecasescolares","tag-bibliotecaspublicas","tag-criancas"],"jetpack_publicize_connections":[],"jetpack_featured_media_url":"","views":"","jetpack_sharing_enabled":true,"_links":{"self":[{"href":"https:\/\/www.pedroandretta.info\/index\/wp-json\/wp\/v2\/posts\/2916","targetHints":{"allow":["GET"]}}],"collection":[{"href":"https:\/\/www.pedroandretta.info\/index\/wp-json\/wp\/v2\/posts"}],"about":[{"href":"https:\/\/www.pedroandretta.info\/index\/wp-json\/wp\/v2\/types\/post"}],"author":[{"embeddable":true,"href":"https:\/\/www.pedroandretta.info\/index\/wp-json\/wp\/v2\/users\/1"}],"replies":[{"embeddable":true,"href":"https:\/\/www.pedroandretta.info\/index\/wp-json\/wp\/v2\/comments?post=2916"}],"version-history":[{"count":0,"href":"https:\/\/www.pedroandretta.info\/index\/wp-json\/wp\/v2\/posts\/2916\/revisions"}],"wp:attachment":[{"href":"https:\/\/www.pedroandretta.info\/index\/wp-json\/wp\/v2\/media?parent=2916"}],"wp:term":[{"taxonomy":"category","embeddable":true,"href":"https:\/\/www.pedroandretta.info\/index\/wp-json\/wp\/v2\/categories?post=2916"},{"taxonomy":"post_tag","embeddable":true,"href":"https:\/\/www.pedroandretta.info\/index\/wp-json\/wp\/v2\/tags?post=2916"}],"curies":[{"name":"wp","href":"https:\/\/api.w.org\/{rel}","templated":true}]}}